{"id":9856,"date":"2020-01-08T22:01:00","date_gmt":"2020-01-08T22:01:00","guid":{"rendered":"http:\/\/54.211.235.180\/?p=9856"},"modified":"2022-04-25T22:13:59","modified_gmt":"2022-04-25T22:13:59","slug":"quilotoa-volcanic-crater-lake","status":"publish","type":"post","link":"https:\/\/www.maldotravels.com\/es\/south-america\/quilotoa-volcanic-crater-lake\/","title":{"rendered":"Quilotoa - Laguna En Un Cr\u00e1ter Volc\u00e1nico"},"content":{"rendered":"<div data-elementor-type=\"wp-post\" data-elementor-id=\"9856\" class=\"elementor elementor-9856\">\n\t\t\t\t\t\t<section class=\"elementor-section elementor-top-section elementor-element elementor-element-8888711 elementor-section-boxed elementor-section-height-default elementor-section-height-default\" data-id=\"8888711\" data-element_type=\"section\">\n\t\t\t\t\t\t<div class=\"elementor-container elementor-column-gap-default\">\n\t\t\t\t\t<div class=\"elementor-column elementor-col-100 elementor-top-column elementor-element elementor-element-836c414\" data-id=\"836c414\" data-element_type=\"column\">\n\t\t\t<div class=\"elementor-widget-wrap elementor-element-populated\">\n\t\t\t\t\t\t<div class=\"elementor-element elementor-element-af3baf4 elementor-widget elementor-widget-text-editor\" data-id=\"af3baf4\" data-element_type=\"widget\" data-widget_type=\"text-editor.default\">\n\t\t\t\t<div class=\"elementor-widget-container\">\n\t\t\t\t\t\t\t\t\t<section id=\"stjbwypvkb\" class=\"brz-section brz-css-ftwer\" style=\"box-sizing: border-box; margin: 0px; padding: 0px; border: 0px; outline: 0px; font-variant: inherit; font-stretch: inherit; line-height: inherit; vertical-align: baseline; font-family: inherit; font-size: 18px; font-style: inherit; font-weight: inherit; display: block;\" data-uid=\"stjbwypvkb\"><div class=\"brz-section__content brz-section--boxed brz-css-uwkzy brz-css-zatnf\" style=\"box-sizing: border-box; margin: 0px; padding: 0px; border: 0px; outline: 0px; font-variant: inherit; font-stretch: inherit; line-height: inherit; vertical-align: baseline; font-family: inherit; font-size: 18px; font-style: inherit; font-weight: inherit;\" data-custom-id=\"fegadeivmh\"><div class=\"brz-container brz-css-rkgek brz-css-btgyr\" style=\"box-sizing: border-box; margin: 0px; padding: 0px; border: 0px; outline: 0px; font-variant: inherit; font-stretch: inherit; line-height: inherit; vertical-align: baseline; font-family: inherit; font-size: 18px; font-style: inherit; font-weight: inherit;\"><div class=\"brz-css-pwhvk brz-css-vhwev brz-wrapper\" style=\"box-sizing: border-box; margin: 0px; padding: 0px; border: 0px; outline: 0px; font-variant: inherit; font-stretch: inherit; line-height: inherit; vertical-align: baseline; font-family: inherit; font-size: 18px; font-style: inherit; font-weight: inherit;\"><div class=\"brz-rich-text brz-rich-text__custom brz-css-ocsen\" style=\"box-sizing: border-box; margin: 0px; padding: 0px; border: 0px; outline: 0px; font-variant: inherit; font-stretch: inherit; line-height: inherit; vertical-align: baseline; font-family: inherit; font-size: 18px; font-style: inherit; font-weight: inherit;\" data-custom-id=\"yrrnrijbke\"><div style=\"box-sizing: border-box; margin: 0px; padding: 0px; border: 0px; outline: 0px; font-variant: inherit; font-stretch: inherit; line-height: inherit; vertical-align: baseline; font-family: inherit; font-size: 18px; font-style: inherit; font-weight: inherit;\"><p class=\"brz-css-ymgju\" style=\"box-sizing: border-box; overflow-wrap: break-word; margin: 1.5em auto; padding: 0px 20px; border: 0px; outline: 0px; font-variant: inherit; font-stretch: inherit; line-height: inherit; vertical-align: baseline; font-family: inherit; font-size: 18px; font-style: inherit; font-weight: inherit; max-width: 900px;\">Saliendo de Quito son unas 3 horas manejando y es m\u00e1s conveniente ir en carro. Un tour organizado de Quito ser\u00eda lo mejor. Una alternativa m\u00e1s econ\u00f3mica seria primero ir en bus a <a class=\"link--external\" style=\"box-sizing: border-box; margin: 0px; padding: 0px; border: 0px; outline: 0px; font-variant: inherit; font-stretch: inherit; line-height: inherit; vertical-align: baseline; font-family: inherit; font-size: 18px; font-style: inherit; font-weight: inherit; background-color: transparent; color: #78a85d; text-decoration: none; transition: all 0.3s ease 0s; box-shadow: none;\" href=\"https:\/\/goo.gl\/maps\/ZAsAATmsbUv5NyHx9\" target=\"_blank\" rel=\"noopener\" data-brz-link-type=\"external\">Latacunga<\/a>. De aqu\u00ed se puede tomar otro bus o alquilar transporte privado al\u00a0<a class=\"link--external\" style=\"box-sizing: border-box; margin: 0px; padding: 0px; border: 0px; outline: 0px; font-variant: inherit; font-stretch: inherit; line-height: inherit; vertical-align: baseline; font-family: inherit; font-size: 18px; font-style: inherit; font-weight: inherit; background-color: transparent; color: #78a85d; text-decoration: none; transition: all 0.3s ease 0s; box-shadow: none;\" href=\"https:\/\/goo.gl\/maps\/btkC5S6sVnKQDBC38\" target=\"_blank\" rel=\"noopener\" data-brz-link-type=\"external\">Quilotoa<\/a>. Hay un pueblo peque\u00f1o en la cima del cr\u00e1ter con hostales, restaurantes, y un parqueadero. Al entrar al pueblo, hay una tarifa de 2 USD<span id='easy-footnote-1-9856' class='easy-footnote-margin-adjust'><\/span><span class='easy-footnote'><a href='https:\/\/www.maldotravels.com\/es\/south-america\/quilotoa-volcanic-crater-lake\/#easy-footnote-bottom-1-9856' title='The currency used in Ecuador known as the&nbsp;&lt;a class=&quot;link--external&quot; style=&quot;box-sizing: border-box; margin: 0px; padding: 0px; border: 0px; outline: 0px; font-variant: inherit; font-stretch: inherit; line-height: inherit; vertical-align: baseline; font-family: inherit; font-size: 18px; font-style: inherit; font-weight: inherit; background-color: transparent; color: #78a85d; text-decoration: none; transition: all 0.3s ease 0s; box-shadow: none;&quot; href=&quot;https:\/\/www.google.com\/search?q=usd&quot; target=&quot;_blank&quot; rel=&quot;noopener&quot; data-brz-link-type=&quot;external&quot;&gt;D&oacute;lar Americano&lt;\/a&gt;'><sup>1<\/sup><\/a><\/span> por carro que da a todos los pasajeros acceso a la Laguna. Nosotros llegamos por el medio d\u00eda y despu\u00e9s de estacionar el carro, nos fuimos al mirador ubicado en la cima del cr\u00e1ter. Hay varios lugares para tomar buenas fotos de la laguna.<\/p><\/div><\/div><\/div><\/div><\/div><\/section>\t\t\t\t\t\t\t\t<\/div>\n\t\t\t\t<\/div>\n\t\t\t\t\t<\/div>\n\t\t<\/div>\n\t\t\t\t\t<\/div>\n\t\t<\/section>\n\t\t\t\t<section class=\"elementor-section elementor-top-section elementor-element elementor-element-3f1bb670 elementor-section-height-min-height elementor-section-boxed elementor-section-height-default elementor-section-items-middle\" data-id=\"3f1bb670\" data-element_type=\"section\" data-settings=\"{&quot;background_background&quot;:&quot;classic&quot;}\">\n\t\t\t\t\t\t<div class=\"elementor-container elementor-column-gap-default\">\n\t\t\t\t\t<div class=\"elementor-column elementor-col-100 elementor-top-column elementor-element elementor-element-72c6b272\" data-id=\"72c6b272\" data-element_type=\"column\">\n\t\t\t<div class=\"elementor-widget-wrap\">\n\t\t\t\t\t\t\t<\/div>\n\t\t<\/div>\n\t\t\t\t\t<\/div>\n\t\t<\/section>\n\t\t\t\t<section class=\"elementor-section elementor-top-section elementor-element elementor-element-046ceda elementor-section-boxed elementor-section-height-default elementor-section-height-default\" data-id=\"046ceda\" data-element_type=\"section\">\n\t\t\t\t\t\t<div class=\"elementor-container elementor-column-gap-default\">\n\t\t\t\t\t<div class=\"elementor-column elementor-col-100 elementor-top-column elementor-element elementor-element-12ae25e\" data-id=\"12ae25e\" data-element_type=\"column\">\n\t\t\t<div class=\"elementor-widget-wrap elementor-element-populated\">\n\t\t\t\t\t\t<div class=\"elementor-element elementor-element-5484e88 elementor-widget elementor-widget-text-editor\" data-id=\"5484e88\" data-element_type=\"widget\" data-widget_type=\"text-editor.default\">\n\t\t\t\t<div class=\"elementor-widget-container\">\n\t\t\t\t\t\t\t\t\t<section id=\"stjbwypvkb\" class=\"brz-section brz-css-ftwer\" style=\"box-sizing: border-box; margin: 0px; padding: 0px; border: 0px; outline: 0px; font-variant-ligatures: normal; font-variant-caps: normal; font-variant-numeric: inherit; font-variant-east-asian: inherit; font-stretch: inherit; line-height: inherit; vertical-align: baseline; font-family: Quicksand, sans-serif; font-size: 18px; font-style: normal; font-weight: 400; display: block; color: #001a1c; letter-spacing: -0.5px; orphans: 2; text-align: start; text-indent: 0px; text-transform: none; white-space: normal; widows: 2; word-spacing: 0px; -webkit-text-stroke-width: 0px; background-color: #ffffff; text-decoration-thickness: initial; text-decoration-style: initial; text-decoration-color: initial;\" data-uid=\"stjbwypvkb\"><div class=\"brz-section__content brz-section--boxed brz-css-uwkzy brz-css-zatnf\" style=\"box-sizing: border-box; margin: 0px; padding: 0px; border: 0px; outline: 0px; font-variant: inherit; font-stretch: inherit; line-height: inherit; vertical-align: baseline; font-family: inherit; font-size: 18px; font-style: inherit; font-weight: inherit;\" data-custom-id=\"fegadeivmh\"><div class=\"brz-container brz-css-rkgek brz-css-btgyr\" style=\"box-sizing: border-box; margin: 0px; padding: 0px; border: 0px; outline: 0px; font-variant: inherit; font-stretch: inherit; line-height: inherit; vertical-align: baseline; font-family: inherit; font-size: 18px; font-style: inherit; font-weight: inherit;\"><div class=\"brz-css-pwhvk brz-css-vhwev brz-wrapper\" style=\"box-sizing: border-box; margin: 0px; padding: 0px; border: 0px; outline: 0px; font-variant: inherit; font-stretch: inherit; line-height: inherit; vertical-align: baseline; font-family: inherit; font-size: 18px; font-style: inherit; font-weight: inherit;\"><div class=\"brz-rich-text brz-rich-text__custom brz-css-ocsen\" style=\"box-sizing: border-box; margin: 0px; padding: 0px; border: 0px; outline: 0px; font-variant: inherit; font-stretch: inherit; line-height: inherit; vertical-align: baseline; font-family: inherit; font-size: 18px; font-style: inherit; font-weight: inherit;\" data-custom-id=\"yrrnrijbke\"><div style=\"box-sizing: border-box; margin: 0px; padding: 0px; border: 0px; outline: 0px; font-variant: inherit; font-stretch: inherit; line-height: inherit; vertical-align: baseline; font-family: inherit; font-size: 18px; font-style: inherit; font-weight: inherit;\"><p class=\"brz-css-ymgju\" style=\"box-sizing: border-box; overflow-wrap: break-word; margin: 1.5em auto; padding: 0px 20px; border: 0px; outline: 0px; font-variant: inherit; font-stretch: inherit; line-height: inherit; vertical-align: baseline; font-family: inherit; font-size: 18px; font-style: inherit; font-weight: inherit; max-width: 900px;\"><span style=\"box-sizing: border-box; margin: 0px; padding: 0px; border: 0px; outline: 0px; font-variant: inherit; font-stretch: inherit; line-height: inherit; vertical-align: baseline; font-family: inherit; font-size: 18px; font-style: inherit; font-weight: inherit; color: var( --e-global-color-text );\">Despu\u00e9s de tomar fotos, empezamos a bajar el sendero a la laguna. La mayor parte del sendero es de rocas, pero hay partes con arena que son un poco resbalosos. Nos hicimos como unos 35 minutos en bajar a la laguna. Por la orilla hay una tienda donde se puede comprar bocadillos y bebidas. En la orilla tambi\u00e9n se puede arrendar kayaks por 30 minutos (3 USD), 1 hora (6 USD), y 3 horas (10 USD). Nosotros arrendamos los kayaks por media hora y llegamos m\u00e1s o menos a la mitad de la laguna. Nos mojamos un poco en el kayak entonces despu\u00e9s de entregar los kayaks, nos quedamos un rato en el sol en el peque\u00f1o muelle. Despu\u00e9s, caminamos un rato por la orilla antes de empezar el ascenso de regreso al pueblo. La subida es bien inclinada y m\u00e1s dif\u00edcil, pero se puede alquilar mulas por 10 USD. Yo me fui caminando y me demor\u00e9 unos 50 minutos. La altura lo hace a\u00fan m\u00e1s dif\u00edcil y llegue bien cansado.<\/span><\/p><\/div><\/div><\/div><\/div><\/div><\/section>\t\t\t\t\t\t\t\t<\/div>\n\t\t\t\t<\/div>\n\t\t\t\t<div class=\"elementor-element elementor-element-265e809 elementor-widget elementor-widget-shortcode\" data-id=\"265e809\" data-element_type=\"widget\" data-widget_type=\"shortcode.default\">\n\t\t\t\t<div class=\"elementor-widget-container\">\n\t\t\t\t\t\t\t<div class=\"elementor-shortcode\"><\/div>\n\t\t\t\t\t\t<\/div>\n\t\t\t\t<\/div>\n\t\t\t\t<div class=\"elementor-element elementor-element-d6a7c16 elementor-widget elementor-widget-text-editor\" data-id=\"d6a7c16\" data-element_type=\"widget\" data-widget_type=\"text-editor.default\">\n\t\t\t\t<div class=\"elementor-widget-container\">\n\t\t\t\t\t\t\t\t\t<div class=\"brz-css-pwhvk brz-css-kglgw brz-wrapper\" style=\"box-sizing: border-box; margin: 0px; padding: 0px; border: 0px; outline: 0px; font-variant-ligatures: normal; font-variant-caps: normal; font-variant-numeric: inherit; font-variant-east-asian: inherit; font-stretch: inherit; line-height: inherit; vertical-align: baseline; font-family: Quicksand, sans-serif; font-size: 18px; font-style: normal; font-weight: 400; color: #001a1c; letter-spacing: -0.5px; orphans: 2; text-align: start; text-indent: 0px; text-transform: none; white-space: normal; widows: 2; word-spacing: 0px; -webkit-text-stroke-width: 0px; background-color: #ffffff; text-decoration-thickness: initial; text-decoration-style: initial; text-decoration-color: initial;\"><div class=\"brz-rich-text brz-rich-text__custom brz-css-ocsen\" style=\"box-sizing: border-box; margin: 0px; padding: 0px; border: 0px; outline: 0px; font-variant: inherit; font-stretch: inherit; line-height: inherit; vertical-align: baseline; font-family: inherit; font-size: 18px; font-style: inherit; font-weight: inherit;\" data-custom-id=\"loolijmwzzldkakzctyljrfedeqnhhpxtcgz\"><div style=\"box-sizing: border-box; margin: 0px; padding: 0px; border: 0px; outline: 0px; font-variant: inherit; font-stretch: inherit; line-height: inherit; vertical-align: baseline; font-family: inherit; font-size: 18px; font-style: inherit; font-weight: inherit;\"><p class=\"brz-css-ozdfo\" style=\"box-sizing: border-box; overflow-wrap: break-word; margin: 1.5em auto; padding: 0px 20px; border: 0px; outline: 0px; font-variant: inherit; font-stretch: inherit; line-height: inherit; vertical-align: baseline; font-family: inherit; font-size: 18px; font-style: inherit; font-weight: inherit; max-width: 900px;\">Cuando llegaron todos, descansamos un rato y despu\u00e9s fuimos a un restaurante para almorzar. Luego empezamos el retorno a Quito y en el camino, hicimos una parada en el <a class=\"link--external\" style=\"box-sizing: border-box; margin: 0px; padding: 0px; border: 0px; outline: 0px; font-variant: inherit; font-stretch: inherit; line-height: inherit; vertical-align: baseline; font-family: inherit; font-size: 18px; font-style: inherit; font-weight: inherit; background-color: transparent; color: #78a85d; text-decoration: none; transition: all 0.3s ease 0s; box-shadow: none;\" href=\"https:\/\/goo.gl\/maps\/Lta55CogW39QY5qu8\" target=\"_blank\" rel=\"noopener\" data-brz-link-type=\"external\">Ca\u00f1\u00f3n del Rio Toachi<\/a>\u00a0que queda a unos 20 minutos en el regreso a Quito. Es un lugar incre\u00edble y parece que la tierra ha sido partida en dos. Nos tardamos unos 15 minutos tomando fotos antes de continuar el viaje de retorno a Quito. Cuando llegamos a la autopista pasando el Cotopaxi, el cielo estaba algo despejado y se le pudo ver al gran volc\u00e1n. Tambi\u00e9n se pod\u00edan ver las otras monta\u00f1as y volcanes en la Avenida de los Volcanes.<\/p><\/div><\/div><\/div>\t\t\t\t\t\t\t\t<\/div>\n\t\t\t\t<\/div>\n\t\t\t\t<div class=\"elementor-element elementor-element-fa31b26 elementor-widget elementor-widget-shortcode\" data-id=\"fa31b26\" data-element_type=\"widget\" data-widget_type=\"shortcode.default\">\n\t\t\t\t<div class=\"elementor-widget-container\">\n\t\t\t\t\t\t\t<div class=\"elementor-shortcode\"><\/div>\n\t\t\t\t\t\t<\/div>\n\t\t\t\t<\/div>\n\t\t\t\t\t<\/div>\n\t\t<\/div>\n\t\t\t\t\t<\/div>\n\t\t<\/section>\n\t\t\t\t<\/div>","protected":false},"excerpt":{"rendered":"<p>Sal en una aventura y visita la laguna verde del Quilotoa que queda en un cr\u00e1ter volc\u00e1nico. El mirador tiene buenas vistas de la laguna y puedes descender para arrendar unos kayaks para explorar la laguna.<\/p>","protected":false},"author":2,"featured_media":16254,"comment_status":"open","ping_status":"open","sticky":false,"template":"","format":"standard","meta":{"ocean_post_layout":"","ocean_both_sidebars_style":"","ocean_both_sidebars_content_width":0,"ocean_both_sidebars_sidebars_width":0,"ocean_sidebar":"0","ocean_second_sidebar":"0","ocean_disable_margins":"enable","ocean_add_body_class":"","ocean_shortcode_before_top_bar":"","ocean_shortcode_after_top_bar":"","ocean_shortcode_before_header":"","ocean_shortcode_after_header":"","ocean_has_shortcode":"","ocean_shortcode_after_title":"","ocean_shortcode_before_footer_widgets":"","ocean_shortcode_after_footer_widgets":"","ocean_shortcode_before_footer_bottom":"","ocean_shortcode_after_footer_bottom":"","ocean_display_top_bar":"default","ocean_display_header":"default","ocean_header_style":"","ocean_center_header_left_menu":"0","ocean_custom_header_template":"0","ocean_custom_logo":0,"ocean_custom_retina_logo":0,"ocean_custom_logo_max_width":0,"ocean_custom_logo_tablet_max_width":0,"ocean_custom_logo_mobile_max_width":0,"ocean_custom_logo_max_height":0,"ocean_custom_logo_tablet_max_height":0,"ocean_custom_logo_mobile_max_height":0,"ocean_header_custom_menu":"0","ocean_menu_typo_font_family":"0","ocean_menu_typo_font_subset":"","ocean_menu_typo_font_size":0,"ocean_menu_typo_font_size_tablet":0,"ocean_menu_typo_font_size_mobile":0,"ocean_menu_typo_font_size_unit":"px","ocean_menu_typo_font_weight":"","ocean_menu_typo_font_weight_tablet":"","ocean_menu_typo_font_weight_mobile":"","ocean_menu_typo_transform":"","ocean_menu_typo_transform_tablet":"","ocean_menu_typo_transform_mobile":"","ocean_menu_typo_line_height":0,"ocean_menu_typo_line_height_tablet":0,"ocean_menu_typo_line_height_mobile":0,"ocean_menu_typo_line_height_unit":"","ocean_menu_typo_spacing":0,"ocean_menu_typo_spacing_tablet":0,"ocean_menu_typo_spacing_mobile":0,"ocean_menu_typo_spacing_unit":"","ocean_menu_link_color":"","ocean_menu_link_color_hover":"","ocean_menu_link_color_active":"","ocean_menu_link_background":"","ocean_menu_link_hover_background":"","ocean_menu_link_active_background":"","ocean_menu_social_links_bg":"","ocean_menu_social_hover_links_bg":"","ocean_menu_social_links_color":"","ocean_menu_social_hover_links_color":"","ocean_disable_title":"default","ocean_disable_heading":"default","ocean_post_title":"","ocean_post_subheading":"","ocean_post_title_style":"background-image","ocean_post_title_background_color":"","ocean_post_title_background":16255,"ocean_post_title_bg_image_position":"","ocean_post_title_bg_image_attachment":"","ocean_post_title_bg_image_repeat":"","ocean_post_title_bg_image_size":"","ocean_post_title_height":0,"ocean_post_title_bg_overlay":0.5,"ocean_post_title_bg_overlay_color":"","ocean_disable_breadcrumbs":"default","ocean_breadcrumbs_color":"","ocean_breadcrumbs_separator_color":"","ocean_breadcrumbs_links_color":"","ocean_breadcrumbs_links_hover_color":"","ocean_display_footer_widgets":"default","ocean_display_footer_bottom":"default","ocean_custom_footer_template":"0","ocean_post_oembed":"","ocean_post_self_hosted_media":"","ocean_post_video_embed":"","ocean_link_format":"","ocean_link_format_target":"self","ocean_quote_format":"","ocean_quote_format_link":"post","ocean_gallery_link_images":"off","ocean_gallery_id":[],"footnotes":""},"categories":[32,26],"tags":[48,56,86,45,198,55,47,44,76,87,53,70],"class_list":["post-9856","post","type-post","status-publish","format-standard","has-post-thumbnail","hentry","category-ecuador","category-south-america","tag-activity","tag-adventure","tag-day-trip","tag-hiking","tag-kayak","tag-lake","tag-landscapes","tag-mountain","tag-nature","tag-trek","tag-trekking","tag-viewpoint","entry","has-media"],"_links":{"self":[{"href":"https:\/\/www.maldotravels.com\/es\/wp-json\/wp\/v2\/posts\/9856","targetHints":{"allow":["GET"]}}],"collection":[{"href":"https:\/\/www.maldotravels.com\/es\/wp-json\/wp\/v2\/posts"}],"about":[{"href":"https:\/\/www.maldotravels.com\/es\/wp-json\/wp\/v2\/types\/post"}],"author":[{"embeddable":true,"href":"https:\/\/www.maldotravels.com\/es\/wp-json\/wp\/v2\/users\/2"}],"replies":[{"embeddable":true,"href":"https:\/\/www.maldotravels.com\/es\/wp-json\/wp\/v2\/comments?post=9856"}],"version-history":[{"count":33,"href":"https:\/\/www.maldotravels.com\/es\/wp-json\/wp\/v2\/posts\/9856\/revisions"}],"predecessor-version":[{"id":27742,"href":"https:\/\/www.maldotravels.com\/es\/wp-json\/wp\/v2\/posts\/9856\/revisions\/27742"}],"wp:featuredmedia":[{"embeddable":true,"href":"https:\/\/www.maldotravels.com\/es\/wp-json\/wp\/v2\/media\/16254"}],"wp:attachment":[{"href":"https:\/\/www.maldotravels.com\/es\/wp-json\/wp\/v2\/media?parent=9856"}],"wp:term":[{"taxonomy":"category","embeddable":true,"href":"https:\/\/www.maldotravels.com\/es\/wp-json\/wp\/v2\/categories?post=9856"},{"taxonomy":"post_tag","embeddable":true,"href":"https:\/\/www.maldotravels.com\/es\/wp-json\/wp\/v2\/tags?post=9856"}],"curies":[{"name":"wp","href":"https:\/\/api.w.org\/{rel}","templated":true}]}}