{"id":9727,"date":"2020-01-04T18:12:00","date_gmt":"2020-01-04T18:12:00","guid":{"rendered":"http:\/\/54.211.235.180\/?p=9727"},"modified":"2022-04-26T00:07:13","modified_gmt":"2022-04-26T00:07:13","slug":"papallacta-natural-mountain-hot-springs","status":"publish","type":"post","link":"https:\/\/www.maldotravels.com\/es\/south-america\/papallacta-natural-mountain-hot-springs\/","title":{"rendered":"Papallacta - Termas En Las Monta\u00f1as"},"content":{"rendered":"<div data-elementor-type=\"wp-post\" data-elementor-id=\"9727\" class=\"elementor elementor-9727\">\n\t\t\t\t\t\t<section class=\"elementor-section elementor-top-section elementor-element elementor-element-fc4cff5 elementor-section-boxed elementor-section-height-default elementor-section-height-default\" data-id=\"fc4cff5\" data-element_type=\"section\">\n\t\t\t\t\t\t<div class=\"elementor-container elementor-column-gap-default\">\n\t\t\t\t\t<div class=\"elementor-column elementor-col-100 elementor-top-column elementor-element elementor-element-8bff309\" data-id=\"8bff309\" data-element_type=\"column\">\n\t\t\t<div class=\"elementor-widget-wrap elementor-element-populated\">\n\t\t\t\t\t\t<div class=\"elementor-element elementor-element-da56895 elementor-widget elementor-widget-text-editor\" data-id=\"da56895\" data-element_type=\"widget\" data-widget_type=\"text-editor.default\">\n\t\t\t\t<div class=\"elementor-widget-container\">\n\t\t\t\t\t\t\t\t\t<section id=\"mxpdgjwyzh\" class=\"brz-section brz-css-wkqgq\" style=\"box-sizing: border-box; margin: 0px; padding: 0px; border: 0px; outline: 0px; font-variant: inherit; font-stretch: inherit; line-height: inherit; vertical-align: baseline; font-family: inherit; font-size: 18px; font-style: inherit; font-weight: inherit; display: block;\" data-uid=\"mxpdgjwyzh\"><div class=\"brz-section__content brz-section--boxed brz-css-rlucb brz-css-cpgld\" style=\"box-sizing: border-box; margin: 0px; padding: 0px; border: 0px; outline: 0px; font-variant: inherit; font-stretch: inherit; line-height: inherit; vertical-align: baseline; font-family: inherit; font-size: 18px; font-style: inherit; font-weight: inherit;\" data-custom-id=\"bikuaomkhi\"><div class=\"brz-container brz-css-ujekj brz-css-kxxal\" style=\"box-sizing: border-box; margin: 0px; padding: 0px; border: 0px; outline: 0px; font-variant: inherit; font-stretch: inherit; line-height: inherit; vertical-align: baseline; font-family: inherit; font-size: 18px; font-style: inherit; font-weight: inherit;\"><div class=\"brz-css-xnfda brz-css-gpzfi brz-wrapper\" style=\"box-sizing: border-box; margin: 0px; padding: 0px; border: 0px; outline: 0px; font-variant: inherit; font-stretch: inherit; line-height: inherit; vertical-align: baseline; font-family: inherit; font-size: 18px; font-style: inherit; font-weight: inherit;\"><div class=\"brz-rich-text brz-rich-text__custom brz-css-ysgqt\" style=\"box-sizing: border-box; margin: 0px; padding: 0px; border: 0px; outline: 0px; font-variant: inherit; font-stretch: inherit; line-height: inherit; vertical-align: baseline; font-family: inherit; font-size: 18px; font-style: inherit; font-weight: inherit;\" data-custom-id=\"vcotdelsbukklmvlouwamgulyeyawjmwfrzs\"><div style=\"box-sizing: border-box; margin: 0px; padding: 0px; border: 0px; outline: 0px; font-variant: inherit; font-stretch: inherit; line-height: inherit; vertical-align: baseline; font-family: inherit; font-size: 18px; font-style: inherit; font-weight: inherit;\"><p class=\"brz-css-uewwe\" style=\"box-sizing: border-box; overflow-wrap: break-word; margin: 1.5em auto; padding: 0px 20px; border: 0px; outline: 0px; font-variant: inherit; font-stretch: inherit; line-height: inherit; vertical-align: baseline; font-family: inherit; font-size: 18px; font-style: inherit; font-weight: inherit; max-width: 900px;\">Saliendo desde Quito, se demora entre 1 hora y 1 hora y media dependiendo en donde te estas hospedando en la ciudad para llegar a <a class=\"link--external\" style=\"box-sizing: border-box; margin: 0px; padding: 0px; border: 0px; outline: 0px; font-variant: inherit; font-stretch: inherit; line-height: inherit; vertical-align: baseline; font-family: inherit; font-size: 18px; font-style: inherit; font-weight: inherit; background-color: transparent; color: #78a85d; text-decoration: none; transition: all 0.3s ease 0s; box-shadow: none;\" href=\"https:\/\/goo.gl\/maps\/VfBWmhynUFZYpLiNA\" target=\"_blank\" rel=\"noopener\" data-brz-link-type=\"external\">Papallacta<\/a>. Es posible ir en transporte p\u00fablico, pero el viaje en carro es m\u00e1s conveniente o en tour organizado. El clima var\u00eda, pero normalmente cuando es invierno de Quito entre octubre y mayo, suele ser verano en Papallacta. Llegando a Papallacta, si el cielo est\u00e1 despejado, se puede ver el nevado del volc\u00e1n Antisana. Es una gran vista y la autopista est\u00e1 en buenas condiciones para un viaje c\u00f3modo.<\/p><\/div><\/div><\/div><\/div><\/div><\/section>\t\t\t\t\t\t\t\t<\/div>\n\t\t\t\t<\/div>\n\t\t\t\t\t<\/div>\n\t\t<\/div>\n\t\t\t\t\t<\/div>\n\t\t<\/section>\n\t\t\t\t<section class=\"elementor-section elementor-top-section elementor-element elementor-element-737e9e9f elementor-section-height-min-height elementor-section-boxed elementor-section-height-default elementor-section-items-middle\" data-id=\"737e9e9f\" data-element_type=\"section\" data-settings=\"{&quot;background_background&quot;:&quot;classic&quot;}\">\n\t\t\t\t\t\t<div class=\"elementor-container elementor-column-gap-default\">\n\t\t\t\t\t<div class=\"elementor-column elementor-col-100 elementor-top-column elementor-element elementor-element-4d3bec4f\" data-id=\"4d3bec4f\" data-element_type=\"column\">\n\t\t\t<div class=\"elementor-widget-wrap\">\n\t\t\t\t\t\t\t<\/div>\n\t\t<\/div>\n\t\t\t\t\t<\/div>\n\t\t<\/section>\n\t\t\t\t<section class=\"elementor-section elementor-top-section elementor-element elementor-element-d6e18d6 elementor-section-boxed elementor-section-height-default elementor-section-height-default\" data-id=\"d6e18d6\" data-element_type=\"section\">\n\t\t\t\t\t\t<div class=\"elementor-container elementor-column-gap-default\">\n\t\t\t\t\t<div class=\"elementor-column elementor-col-100 elementor-top-column elementor-element elementor-element-4721c53\" data-id=\"4721c53\" data-element_type=\"column\">\n\t\t\t<div class=\"elementor-widget-wrap elementor-element-populated\">\n\t\t\t\t\t\t<div class=\"elementor-element elementor-element-487503b elementor-widget elementor-widget-text-editor\" data-id=\"487503b\" data-element_type=\"widget\" data-widget_type=\"text-editor.default\">\n\t\t\t\t<div class=\"elementor-widget-container\">\n\t\t\t\t\t\t\t\t\t<section id=\"mxpdgjwyzh\" class=\"brz-section brz-css-wkqgq\" style=\"box-sizing: border-box; margin: 0px; padding: 0px; border: 0px; outline: 0px; font-variant-ligatures: normal; font-variant-caps: normal; font-variant-numeric: inherit; font-variant-east-asian: inherit; font-stretch: inherit; line-height: inherit; vertical-align: baseline; font-family: Quicksand, sans-serif; font-size: 18px; font-style: normal; font-weight: 400; display: block; color: #001a1c; letter-spacing: -0.5px; orphans: 2; text-align: start; text-indent: 0px; text-transform: none; white-space: normal; widows: 2; word-spacing: 0px; -webkit-text-stroke-width: 0px; background-color: #ffffff; text-decoration-thickness: initial; text-decoration-style: initial; text-decoration-color: initial;\" data-uid=\"mxpdgjwyzh\"><div class=\"brz-section__content brz-section--boxed brz-css-rlucb brz-css-cpgld\" style=\"box-sizing: border-box; margin: 0px; padding: 0px; border: 0px; outline: 0px; font-variant: inherit; font-stretch: inherit; line-height: inherit; vertical-align: baseline; font-family: inherit; font-size: 18px; font-style: inherit; font-weight: inherit;\" data-custom-id=\"bikuaomkhi\"><div class=\"brz-container brz-css-ujekj brz-css-kxxal\" style=\"box-sizing: border-box; margin: 0px; padding: 0px; border: 0px; outline: 0px; font-variant: inherit; font-stretch: inherit; line-height: inherit; vertical-align: baseline; font-family: inherit; font-size: 18px; font-style: inherit; font-weight: inherit;\"><div class=\"brz-css-xnfda brz-css-gpzfi brz-wrapper\" style=\"box-sizing: border-box; margin: 0px; padding: 0px; border: 0px; outline: 0px; font-variant: inherit; font-stretch: inherit; line-height: inherit; vertical-align: baseline; font-family: inherit; font-size: 18px; font-style: inherit; font-weight: inherit;\"><div class=\"brz-rich-text brz-rich-text__custom brz-css-ysgqt\" style=\"box-sizing: border-box; margin: 0px; padding: 0px; border: 0px; outline: 0px; font-variant: inherit; font-stretch: inherit; line-height: inherit; vertical-align: baseline; font-family: inherit; font-size: 18px; font-style: inherit; font-weight: inherit;\" data-custom-id=\"vcotdelsbukklmvlouwamgulyeyawjmwfrzs\"><div style=\"box-sizing: border-box; margin: 0px; padding: 0px; border: 0px; outline: 0px; font-variant: inherit; font-stretch: inherit; line-height: inherit; vertical-align: baseline; font-family: inherit; font-size: 18px; font-style: inherit; font-weight: inherit;\"><p class=\"brz-css-uewwe\" style=\"box-sizing: border-box; overflow-wrap: break-word; margin: 1.5em auto; padding: 0px 20px; border: 0px; outline: 0px; font-variant: inherit; font-stretch: inherit; line-height: inherit; vertical-align: baseline; font-family: inherit; font-size: 18px; font-style: inherit; font-weight: inherit; max-width: 900px;\"><span style=\"box-sizing: border-box; margin: 0px; padding: 0px; border: 0px; outline: 0px; font-variant: inherit; font-stretch: inherit; line-height: inherit; vertical-align: baseline; font-family: inherit; font-size: 18px; font-style: inherit; font-weight: inherit; color: var( --e-global-color-text );\">Cuando se llega al pueblo de Papallacta, hay algunas piscinas termales. Las piscinas en el nivel bajo son m\u00e1s baratas, pero tambi\u00e9n son m\u00e1s r\u00fasticas. Nosotros fuimos a las <\/span><a class=\"link--external\" style=\"box-sizing: border-box; margin: 0px; padding: 0px; border: 0px; outline: 0px; font-variant: inherit; font-stretch: inherit; line-height: inherit; vertical-align: baseline; font-family: inherit; font-size: 18px; font-style: inherit; font-weight: inherit; background-color: #ffffff; color: #78a85d; text-decoration: none; transition: all 0.3s ease 0s; box-shadow: none;\" href=\"https:\/\/www.termaspapallacta.com\/?lang=en\" target=\"_blank\" rel=\"noopener\" data-brz-link-type=\"external\">Termas de Papallacta<\/a><span style=\"box-sizing: border-box; margin: 0px; padding: 0px; border: 0px; outline: 0px; font-variant: inherit; font-stretch: inherit; line-height: inherit; vertical-align: baseline; font-family: inherit; font-size: 18px; font-style: inherit; font-weight: inherit; color: var( --e-global-color-text );\">\u00a0en el tope de la loma. Este sitio es un resort y spa, pero tambi\u00e9n tiene piscinas abiertas al p\u00fablico. Tiene un parqueadero amplio con guardia. La entrada cuesta 9 USD<span id='easy-footnote-1-9727' class='easy-footnote-margin-adjust'><\/span><span class='easy-footnote'><a href='https:\/\/www.maldotravels.com\/es\/south-america\/papallacta-natural-mountain-hot-springs\/#easy-footnote-bottom-1-9727' title='The currency used in Ecuador known as the&nbsp;&lt;\/span&gt;&lt;a class=&quot;link--external&quot; style=&quot;box-sizing: border-box; margin: 0px; padding: 0px; border: 0px; outline: 0px; font-variant: inherit; font-stretch: inherit; line-height: inherit; vertical-align: baseline; font-family: inherit; font-size: 18px; font-style: inherit; font-weight: inherit; background-color: #ffffff; color: #78a85d; text-decoration: none; transition: all 0.3s ease 0s; box-shadow: none;&quot; href=&quot;https:\/\/www.google.com\/search?q=usd&quot; target=&quot;_blank&quot; rel=&quot;noopener&quot; data-brz-link-type=&quot;external&quot;&gt;D&oacute;lar Americano&lt;\/a&gt;&lt;span style=&quot;box-sizing: border-box; margin: 0px; padding: 0px; border: 0px; outline: 0px; font-variant: inherit; font-stretch: inherit; line-height: inherit; vertical-align: baseline; font-family: inherit; font-size: 18px; font-style: inherit; font-weight: inherit; color: var( --e-global-color-text );&quot;&gt;'><sup>1<\/sup><\/a><\/span> por persona y te da acceso a varias piscinas, vestuario, duchas, y ba\u00f1os. Tambi\u00e9n se puede arrendar casilleros en la cafeter\u00eda. El lugar es grande y hay algunos vestuarios y ba\u00f1os. Aqu\u00ed no exigen el uso de terno de ba\u00f1o o gorra de ba\u00f1o. El d\u00eda que fuimos hizo bastante sol entonces varias personas se met\u00edan a las piscinas con camiseta para no quemarse.<\/span><\/p><\/div><\/div><\/div><\/div><\/div><\/section>\t\t\t\t\t\t\t\t<\/div>\n\t\t\t\t<\/div>\n\t\t\t\t<div class=\"elementor-element elementor-element-93dee9e elementor-widget elementor-widget-shortcode\" data-id=\"93dee9e\" data-element_type=\"widget\" data-widget_type=\"shortcode.default\">\n\t\t\t\t<div class=\"elementor-widget-container\">\n\t\t\t\t\t\t\t<div class=\"elementor-shortcode\"><\/div>\n\t\t\t\t\t\t<\/div>\n\t\t\t\t<\/div>\n\t\t\t\t<div class=\"elementor-element elementor-element-86b0397 elementor-widget elementor-widget-text-editor\" data-id=\"86b0397\" data-element_type=\"widget\" data-widget_type=\"text-editor.default\">\n\t\t\t\t<div class=\"elementor-widget-container\">\n\t\t\t\t\t\t\t\t\t<p><span style=\"font-family: Quicksand, sans-serif; font-size: 18px; font-style: normal; font-variant-ligatures: normal; font-variant-caps: normal; font-weight: 400;\">Llegamos al lugar por las 9.30 AM y a esas horas no hab\u00eda mucha gente. Primero fuimos a las piscinas en el nivel superior. Ah\u00ed hab\u00eda lugares con sillas para descansar en la sombra frente a las piscinas. Como no hab\u00eda mucha gente encontramos uno vac\u00edo y es un buen lugar para descansar despu\u00e9s de ba\u00f1arse en las piscinas. En el fondo del nivel superior, hay la piscina polar donde unas personas se met\u00edan despu\u00e9s de salir de las piscinas calientes debido a que es bueno para los m\u00fasculos. En la tarde, bajamos a las piscinas del nivel inferior. Aqu\u00ed est\u00e1 la piscina m\u00e1s grande del sitio y su temperatura es m\u00e1s baja que las del nivel superior. A la vuelta en el nivel inferior hay m\u00e1s piscinas y la temperatura en estas son bastante altas. Yo apenas pude poner mi pie en una de ellas. Tambi\u00e9n encontramos un cuarto debajo de la piscina grande con un chorro de agua termal.  Nos quedamos en el lugar hasta las 2.30 PM para ir a almorzar en el pueblo. Despu\u00e9s de comer, nos fuimos de regreso a Quito.<\/span><\/p>\t\t\t\t\t\t\t\t<\/div>\n\t\t\t\t<\/div>\n\t\t\t\t\t<\/div>\n\t\t<\/div>\n\t\t\t\t\t<\/div>\n\t\t<\/section>\n\t\t\t\t<\/div>","protected":false},"excerpt":{"rendered":"<p>Las piscinas termales de Papallacta se pueden visitar en una jornada. El resort tiene hospedaje y piscinas abiertas al p\u00fablico. Hay varias piscinas de diferentes temperaturas y tambi\u00e9n una piscina polar.<\/p>","protected":false},"author":2,"featured_media":16283,"comment_status":"open","ping_status":"open","sticky":false,"template":"","format":"standard","meta":{"ocean_post_layout":"","ocean_both_sidebars_style":"","ocean_both_sidebars_content_width":0,"ocean_both_sidebars_sidebars_width":0,"ocean_sidebar":"0","ocean_second_sidebar":"0","ocean_disable_margins":"enable","ocean_add_body_class":"","ocean_shortcode_before_top_bar":"","ocean_shortcode_after_top_bar":"","ocean_shortcode_before_header":"","ocean_shortcode_after_header":"","ocean_has_shortcode":"","ocean_shortcode_after_title":"","ocean_shortcode_before_footer_widgets":"","ocean_shortcode_after_footer_widgets":"","ocean_shortcode_before_footer_bottom":"","ocean_shortcode_after_footer_bottom":"","ocean_display_top_bar":"default","ocean_display_header":"default","ocean_header_style":"","ocean_center_header_left_menu":"0","ocean_custom_header_template":"0","ocean_custom_logo":0,"ocean_custom_retina_logo":0,"ocean_custom_logo_max_width":0,"ocean_custom_logo_tablet_max_width":0,"ocean_custom_logo_mobile_max_width":0,"ocean_custom_logo_max_height":0,"ocean_custom_logo_tablet_max_height":0,"ocean_custom_logo_mobile_max_height":0,"ocean_header_custom_menu":"0","ocean_menu_typo_font_family":"0","ocean_menu_typo_font_subset":"","ocean_menu_typo_font_size":0,"ocean_menu_typo_font_size_tablet":0,"ocean_menu_typo_font_size_mobile":0,"ocean_menu_typo_font_size_unit":"px","ocean_menu_typo_font_weight":"","ocean_menu_typo_font_weight_tablet":"","ocean_menu_typo_font_weight_mobile":"","ocean_menu_typo_transform":"","ocean_menu_typo_transform_tablet":"","ocean_menu_typo_transform_mobile":"","ocean_menu_typo_line_height":0,"ocean_menu_typo_line_height_tablet":0,"ocean_menu_typo_line_height_mobile":0,"ocean_menu_typo_line_height_unit":"","ocean_menu_typo_spacing":0,"ocean_menu_typo_spacing_tablet":0,"ocean_menu_typo_spacing_mobile":0,"ocean_menu_typo_spacing_unit":"","ocean_menu_link_color":"","ocean_menu_link_color_hover":"","ocean_menu_link_color_active":"","ocean_menu_link_background":"","ocean_menu_link_hover_background":"","ocean_menu_link_active_background":"","ocean_menu_social_links_bg":"","ocean_menu_social_hover_links_bg":"","ocean_menu_social_links_color":"","ocean_menu_social_hover_links_color":"","ocean_disable_title":"default","ocean_disable_heading":"default","ocean_post_title":"","ocean_post_subheading":"","ocean_post_title_style":"background-image","ocean_post_title_background_color":"","ocean_post_title_background":16284,"ocean_post_title_bg_image_position":"","ocean_post_title_bg_image_attachment":"","ocean_post_title_bg_image_repeat":"","ocean_post_title_bg_image_size":"","ocean_post_title_height":0,"ocean_post_title_bg_overlay":0.5,"ocean_post_title_bg_overlay_color":"","ocean_disable_breadcrumbs":"default","ocean_breadcrumbs_color":"","ocean_breadcrumbs_separator_color":"","ocean_breadcrumbs_links_color":"","ocean_breadcrumbs_links_hover_color":"","ocean_display_footer_widgets":"default","ocean_display_footer_bottom":"default","ocean_custom_footer_template":"0","ocean_post_oembed":"","ocean_post_self_hosted_media":"","ocean_post_video_embed":"","ocean_link_format":"","ocean_link_format_target":"self","ocean_quote_format":"","ocean_quote_format_link":"post","ocean_gallery_link_images":"off","ocean_gallery_id":[],"footnotes":""},"categories":[32,26],"tags":[135,86,47,44,148,229,63,249,136,105],"class_list":["post-9727","post","type-post","status-publish","format-standard","has-post-thumbnail","hentry","category-ecuador","category-south-america","tag-bathing","tag-day-trip","tag-landscapes","tag-mountain","tag-relaxing","tag-resort","tag-river","tag-spa","tag-swimming","tag-thermal-baths","entry","has-media"],"_links":{"self":[{"href":"https:\/\/www.maldotravels.com\/es\/wp-json\/wp\/v2\/posts\/9727","targetHints":{"allow":["GET"]}}],"collection":[{"href":"https:\/\/www.maldotravels.com\/es\/wp-json\/wp\/v2\/posts"}],"about":[{"href":"https:\/\/www.maldotravels.com\/es\/wp-json\/wp\/v2\/types\/post"}],"author":[{"embeddable":true,"href":"https:\/\/www.maldotravels.com\/es\/wp-json\/wp\/v2\/users\/2"}],"replies":[{"embeddable":true,"href":"https:\/\/www.maldotravels.com\/es\/wp-json\/wp\/v2\/comments?post=9727"}],"version-history":[{"count":33,"href":"https:\/\/www.maldotravels.com\/es\/wp-json\/wp\/v2\/posts\/9727\/revisions"}],"predecessor-version":[{"id":27746,"href":"https:\/\/www.maldotravels.com\/es\/wp-json\/wp\/v2\/posts\/9727\/revisions\/27746"}],"wp:featuredmedia":[{"embeddable":true,"href":"https:\/\/www.maldotravels.com\/es\/wp-json\/wp\/v2\/media\/16283"}],"wp:attachment":[{"href":"https:\/\/www.maldotravels.com\/es\/wp-json\/wp\/v2\/media?parent=9727"}],"wp:term":[{"taxonomy":"category","embeddable":true,"href":"https:\/\/www.maldotravels.com\/es\/wp-json\/wp\/v2\/categories?post=9727"},{"taxonomy":"post_tag","embeddable":true,"href":"https:\/\/www.maldotravels.com\/es\/wp-json\/wp\/v2\/tags?post=9727"}],"curies":[{"name":"wp","href":"https:\/\/api.w.org\/{rel}","templated":true}]}}