{"id":9558,"date":"2019-12-28T23:25:00","date_gmt":"2019-12-28T23:25:00","guid":{"rendered":"http:\/\/54.211.235.180\/?p=9558"},"modified":"2022-04-26T00:26:33","modified_gmt":"2022-04-26T00:26:33","slug":"san-jacinto-relaxing-beaches","status":"publish","type":"post","link":"https:\/\/www.maldotravels.com\/es\/south-america\/san-jacinto-relaxing-beaches\/","title":{"rendered":"San Jacinto - Playas Relajantes"},"content":{"rendered":"<div data-elementor-type=\"wp-post\" data-elementor-id=\"9558\" class=\"elementor elementor-9558\">\n\t\t\t\t\t\t<section class=\"elementor-section elementor-top-section elementor-element elementor-element-c84a249 elementor-section-boxed elementor-section-height-default elementor-section-height-default\" data-id=\"c84a249\" data-element_type=\"section\">\n\t\t\t\t\t\t<div class=\"elementor-container elementor-column-gap-default\">\n\t\t\t\t\t<div class=\"elementor-column elementor-col-100 elementor-top-column elementor-element elementor-element-22b26c1\" data-id=\"22b26c1\" data-element_type=\"column\">\n\t\t\t<div class=\"elementor-widget-wrap elementor-element-populated\">\n\t\t\t\t\t\t<div class=\"elementor-element elementor-element-7ba3b12 elementor-widget elementor-widget-text-editor\" data-id=\"7ba3b12\" data-element_type=\"widget\" data-widget_type=\"text-editor.default\">\n\t\t\t\t<div class=\"elementor-widget-container\">\n\t\t\t\t\t\t\t\t\t<div class=\"brz-css-ideka brz-css-mkscr brz-wrapper\" style=\"box-sizing: border-box; margin: 0px; padding: 0px; border: 0px; outline: 0px; font-variant-ligatures: normal; font-variant-caps: normal; font-variant-numeric: inherit; font-variant-east-asian: inherit; font-stretch: inherit; line-height: inherit; vertical-align: baseline; font-family: Quicksand, sans-serif; font-size: 18px; font-style: normal; font-weight: 400; color: #001a1c; letter-spacing: -0.5px; orphans: 2; text-align: start; text-indent: 0px; text-transform: none; white-space: normal; widows: 2; word-spacing: 0px; -webkit-text-stroke-width: 0px; background-color: #ffffff; text-decoration-thickness: initial; text-decoration-style: initial; text-decoration-color: initial;\"><div class=\"brz-rich-text brz-rich-text__custom brz-css-qchwb\" style=\"box-sizing: border-box; margin: 0px; padding: 0px; border: 0px; outline: 0px; font-variant: inherit; font-stretch: inherit; line-height: inherit; vertical-align: baseline; font-family: inherit; font-size: 18px; font-style: inherit; font-weight: inherit;\" data-custom-id=\"lyqnflzywz\"><div style=\"box-sizing: border-box; margin: 0px; padding: 0px; border: 0px; outline: 0px; font-variant: inherit; font-stretch: inherit; line-height: inherit; vertical-align: baseline; font-family: inherit; font-size: 18px; font-style: inherit; font-weight: inherit;\"><p class=\"brz-css-tbteq\" style=\"box-sizing: border-box; overflow-wrap: break-word; margin: 1.5em auto; padding: 0px 20px; border: 0px; outline: 0px; font-variant: inherit; font-stretch: inherit; line-height: inherit; vertical-align: baseline; font-family: inherit; font-size: 18px; font-style: inherit; font-weight: inherit; max-width: 900px;\">Saliendo desde la Capital Quito, se demora unas 6 horas 30 minutos por el camino sinuoso que desciende los Andes. Salimos por las 6 AM e hicimos una parada en <a class=\"link--external\" style=\"box-sizing: border-box; margin: 0px; padding: 0px; border: 0px; outline: 0px; font-variant: inherit; font-stretch: inherit; line-height: inherit; vertical-align: baseline; font-family: inherit; font-size: 18px; font-style: inherit; font-weight: inherit; background-color: transparent; color: #78a85d; text-decoration: none; transition: all 0.3s ease 0s; box-shadow: none;\" href=\"https:\/\/goo.gl\/maps\/r1H4sm9cyPadpLTf6\" target=\"_blank\" rel=\"noopener\" data-brz-link-type=\"external\">Santo Domingo de Los Tsachilas<\/a>\u00a0para desayunar ah\u00ed por las 8.30 AM. De ah\u00ed continuamos otras 2 horas y 30 minutos a\u00a0<a class=\"link--external\" style=\"box-sizing: border-box; margin: 0px; padding: 0px; border: 0px; outline: 0px; font-variant: inherit; font-stretch: inherit; line-height: inherit; vertical-align: baseline; font-family: inherit; font-size: 18px; font-style: inherit; font-weight: inherit; background-color: transparent; color: #78a85d; text-decoration: none; transition: all 0.3s ease 0s; box-shadow: none;\" href=\"https:\/\/goo.gl\/maps\/KepMup2fksR9CdwNA\" target=\"_blank\" rel=\"noopener\" data-brz-link-type=\"external\">Chone<\/a>\u00a0donde tomamos un breve descanso por el medio d\u00eda. Luego seguimos viajando 1 hora y 15 minutos y llegamos a\u00a0<a class=\"link--external\" style=\"box-sizing: border-box; margin: 0px; padding: 0px; border: 0px; outline: 0px; font-variant: inherit; font-stretch: inherit; line-height: inherit; vertical-align: baseline; font-family: inherit; font-size: 18px; font-style: inherit; font-weight: inherit; background-color: transparent; color: #78a85d; text-decoration: none; transition: all 0.3s ease 0s; box-shadow: none;\" href=\"https:\/\/goo.gl\/maps\/E1QjhxGW8Ue46TvD8\" target=\"_blank\" rel=\"noopener\" data-brz-link-type=\"external\">San Jacinto<\/a>\u00a0por la 1.30 PM. El pueblo es bien peque\u00f1o y se une con\u00a0<a class=\"link--external\" style=\"box-sizing: border-box; margin: 0px; padding: 0px; border: 0px; outline: 0px; font-variant: inherit; font-stretch: inherit; line-height: inherit; vertical-align: baseline; font-family: inherit; font-size: 18px; font-style: inherit; font-weight: inherit; background-color: transparent; color: #78a85d; text-decoration: none; transition: all 0.3s ease 0s; box-shadow: none;\" href=\"https:\/\/goo.gl\/maps\/YS6FEp1p6SijnpUR8\" target=\"_blank\" rel=\"noopener\" data-brz-link-type=\"external\">San Clemente<\/a>. Nosotros nos quedamos en una villa en una salida de la autopista a 2 cuadras de la playa. La marea estuvo alta en la tarde con olas violentas  chocando la orilla entonces no se pudo entrar al mar. Pero de todos modos la puesta del sol  sobre el mar estuvo hermosa.<\/p><\/div><\/div><\/div>\t\t\t\t\t\t\t\t<\/div>\n\t\t\t\t<\/div>\n\t\t\t\t<div class=\"elementor-element elementor-element-46a3047 elementor-widget elementor-widget-shortcode\" data-id=\"46a3047\" data-element_type=\"widget\" data-widget_type=\"shortcode.default\">\n\t\t\t\t<div class=\"elementor-widget-container\">\n\t\t\t\t\t\t\t<div class=\"elementor-shortcode\"><\/div>\n\t\t\t\t\t\t<\/div>\n\t\t\t\t<\/div>\n\t\t\t\t<div class=\"elementor-element elementor-element-2e40995 elementor-widget elementor-widget-text-editor\" data-id=\"2e40995\" data-element_type=\"widget\" data-widget_type=\"text-editor.default\">\n\t\t\t\t<div class=\"elementor-widget-container\">\n\t\t\t\t\t\t\t\t\t<div class=\"brz-css-ideka brz-css-nmwph brz-wrapper\" style=\"box-sizing: border-box; margin: 0px; padding: 0px; border: 0px; outline: 0px; font-variant-ligatures: normal; font-variant-caps: normal; font-variant-numeric: inherit; font-variant-east-asian: inherit; font-stretch: inherit; line-height: inherit; vertical-align: baseline; font-family: Quicksand, sans-serif; font-size: 18px; font-style: normal; font-weight: 400; color: #001a1c; letter-spacing: -0.5px; orphans: 2; text-align: start; text-indent: 0px; text-transform: none; white-space: normal; widows: 2; word-spacing: 0px; -webkit-text-stroke-width: 0px; background-color: #ffffff; text-decoration-thickness: initial; text-decoration-style: initial; text-decoration-color: initial;\"><div class=\"brz-rich-text brz-rich-text__custom brz-css-qchwb\" style=\"box-sizing: border-box; margin: 0px; padding: 0px; border: 0px; outline: 0px; font-variant: inherit; font-stretch: inherit; line-height: inherit; vertical-align: baseline; font-family: inherit; font-size: 18px; font-style: inherit; font-weight: inherit;\" data-custom-id=\"oyqchbqajr\"><div style=\"box-sizing: border-box; margin: 0px; padding: 0px; border: 0px; outline: 0px; font-variant: inherit; font-stretch: inherit; line-height: inherit; vertical-align: baseline; font-family: inherit; font-size: 18px; font-style: inherit; font-weight: inherit;\"><p class=\"brz-css-vehnq\" style=\"box-sizing: border-box; overflow-wrap: break-word; margin: 1.5em auto; padding: 0px 20px; border: 0px; outline: 0px; font-variant: inherit; font-stretch: inherit; line-height: inherit; vertical-align: baseline; font-family: inherit; font-size: 18px; font-style: inherit; font-weight: inherit; max-width: 900px;\">El d\u00eda siguiente nos fuimos a la playa de San Jacinto donde est\u00e1n unas <a class=\"link--external\" style=\"box-sizing: border-box; margin: 0px; padding: 0px; border: 0px; outline: 0px; font-variant: inherit; font-stretch: inherit; line-height: inherit; vertical-align: baseline; font-family: inherit; font-size: 18px; font-style: inherit; font-weight: inherit; background-color: transparent; color: #78a85d; text-decoration: none; transition: all 0.3s ease 0s; box-shadow: none;\" href=\"https:\/\/goo.gl\/maps\/XXPasnvAQXNaXPPM8\" target=\"_blank\" rel=\"noopener\" data-brz-link-type=\"external\">letras coloridas<\/a>\u00a0con el nombre del pueblo. La marea estuvo baja en la ma\u00f1ana con olas m\u00e1s leves entonces si hab\u00eda como ba\u00f1arse en el mar. Unos amigos de un familiar viven por ah\u00ed y nos llev\u00f3 a una\u00a0<a class=\"link--external\" style=\"box-sizing: border-box; margin: 0px; padding: 0px; border: 0px; outline: 0px; font-variant: inherit; font-stretch: inherit; line-height: inherit; vertical-align: baseline; font-family: inherit; font-size: 18px; font-style: inherit; font-weight: inherit; background-color: transparent; color: #78a85d; text-decoration: none; transition: all 0.3s ease 0s; box-shadow: none;\" href=\"https:\/\/goo.gl\/maps\/39trc1Y7oyzu2xiXA\" target=\"_blank\" rel=\"noopener\" data-brz-link-type=\"external\">playa<\/a>\u00a0m\u00e1s al sur cerca de\u00a0<a class=\"link--external\" style=\"box-sizing: border-box; margin: 0px; padding: 0px; border: 0px; outline: 0px; font-variant: inherit; font-stretch: inherit; line-height: inherit; vertical-align: baseline; font-family: inherit; font-size: 18px; font-style: inherit; font-weight: inherit; background-color: transparent; color: #78a85d; text-decoration: none; transition: all 0.3s ease 0s; box-shadow: none;\" href=\"https:\/\/goo.gl\/maps\/oJMJ7YwL9ypXcsrA6\" target=\"_blank\" rel=\"noopener\" data-brz-link-type=\"external\">Crucita<\/a>. Esta playa estaba en la boca de un rio y hab\u00eda como ba\u00f1arse en el rio tambi\u00e9n. Ah\u00ed tambi\u00e9n hab\u00eda un\u00a0<a class=\"link--external\" style=\"box-sizing: border-box; margin: 0px; padding: 0px; border: 0px; outline: 0px; font-variant: inherit; font-stretch: inherit; line-height: inherit; vertical-align: baseline; font-family: inherit; font-size: 18px; font-style: inherit; font-weight: inherit; background-color: transparent; color: #78a85d; text-decoration: none; transition: all 0.3s ease 0s; box-shadow: none;\" href=\"https:\/\/goo.gl\/maps\/TomE5Gdu6mRyK1qG7\" target=\"_blank\" rel=\"noopener\" data-brz-link-type=\"external\">manglar protegido<\/a>\u00a0con un sendero. Un cuidador nos llev\u00f3 por el sendero y nos dio informaci\u00f3n sobre la flora y fauna del \u00e1rea. La entrada es gratis, pero venden pulseras para apoyar a la conservaci\u00f3n del manglar. En la playa hay varias aves especialmente grullas. Tambi\u00e9n puedes ver unos cangrejos que salen de unos peque\u00f1os huecos.<\/p><\/div><\/div><\/div>\t\t\t\t\t\t\t\t<\/div>\n\t\t\t\t<\/div>\n\t\t\t\t<div class=\"elementor-element elementor-element-aad11e3 elementor-widget elementor-widget-shortcode\" data-id=\"aad11e3\" data-element_type=\"widget\" data-widget_type=\"shortcode.default\">\n\t\t\t\t<div class=\"elementor-widget-container\">\n\t\t\t\t\t\t\t<div class=\"elementor-shortcode\"><\/div>\n\t\t\t\t\t\t<\/div>\n\t\t\t\t<\/div>\n\t\t\t\t<div class=\"elementor-element elementor-element-83f8890 elementor-widget elementor-widget-text-editor\" data-id=\"83f8890\" data-element_type=\"widget\" data-widget_type=\"text-editor.default\">\n\t\t\t\t<div class=\"elementor-widget-container\">\n\t\t\t\t\t\t\t\t\t<div class=\"brz-css-ideka brz-css-zijxe brz-wrapper\" style=\"box-sizing: border-box; margin: 0px; padding: 0px; border: 0px; outline: 0px; font-variant-ligatures: normal; font-variant-caps: normal; font-variant-numeric: inherit; font-variant-east-asian: inherit; font-stretch: inherit; line-height: inherit; vertical-align: baseline; font-family: Quicksand, sans-serif; font-size: 18px; font-style: normal; font-weight: 400; color: #001a1c; letter-spacing: -0.5px; orphans: 2; text-align: start; text-indent: 0px; text-transform: none; white-space: normal; widows: 2; word-spacing: 0px; -webkit-text-stroke-width: 0px; background-color: #ffffff; text-decoration-thickness: initial; text-decoration-style: initial; text-decoration-color: initial;\"><div class=\"brz-rich-text brz-rich-text__custom brz-css-qchwb\" style=\"box-sizing: border-box; margin: 0px; padding: 0px; border: 0px; outline: 0px; font-variant: inherit; font-stretch: inherit; line-height: inherit; vertical-align: baseline; font-family: inherit; font-size: 18px; font-style: inherit; font-weight: inherit;\" data-custom-id=\"hccklqjghu\"><div style=\"box-sizing: border-box; margin: 0px; padding: 0px; border: 0px; outline: 0px; font-variant: inherit; font-stretch: inherit; line-height: inherit; vertical-align: baseline; font-family: inherit; font-size: 18px; font-style: inherit; font-weight: inherit;\"><p class=\"brz-css-inzob\" style=\"box-sizing: border-box; overflow-wrap: break-word; margin: 1.5em auto; padding: 0px 20px; border: 0px; outline: 0px; font-variant: inherit; font-stretch: inherit; line-height: inherit; vertical-align: baseline; font-family: inherit; font-size: 18px; font-style: inherit; font-weight: inherit; max-width: 900px;\">Por las 4 PM fuimos a almorzar en el <a class=\"link--external\" style=\"box-sizing: border-box; margin: 0px; padding: 0px; border: 0px; outline: 0px; font-variant: inherit; font-stretch: inherit; line-height: inherit; vertical-align: baseline; font-family: inherit; font-size: 18px; font-style: inherit; font-weight: inherit; background-color: transparent; color: #78a85d; text-decoration: none; transition: all 0.3s ease 0s; box-shadow: none;\" href=\"https:\/\/goo.gl\/maps\/Rz3C3JWzQqesbpup9\" target=\"_blank\" rel=\"noopener\" data-brz-link-type=\"external\">Hotel San Jacinto<\/a>. Ah\u00ed tienen mariscos frescos y mesas afuera frente al mar. Tambi\u00e9n hay un mirador con vista al mar que se puede subir. Las olas rompen en las rocas de la orilla y puede que te mojes cuando viene una ola grande. Despu\u00e9s de comer, fuimos a\u00a0<a class=\"link--external\" style=\"box-sizing: border-box; margin: 0px; padding: 0px; border: 0px; outline: 0px; font-variant: inherit; font-stretch: inherit; line-height: inherit; vertical-align: baseline; font-family: inherit; font-size: 18px; font-style: inherit; font-weight: inherit; background-color: transparent; color: #78a85d; text-decoration: none; transition: all 0.3s ease 0s; box-shadow: none;\" href=\"https:\/\/goo.gl\/maps\/DBsg5LqBGMSohCFt9\" target=\"_blank\" rel=\"noopener\" data-brz-link-type=\"external\">Bahia de Car\u00e1quez<\/a>\u00a0que queda a unos 40 minutos en carro. En esta ciudad hay un puente grande que cruza a\u00a0<a class=\"link--external\" style=\"box-sizing: border-box; margin: 0px; padding: 0px; border: 0px; outline: 0px; font-variant: inherit; font-stretch: inherit; line-height: inherit; vertical-align: baseline; font-family: inherit; font-size: 18px; font-style: inherit; font-weight: inherit; background-color: transparent; color: #78a85d; text-decoration: none; transition: all 0.3s ease 0s; box-shadow: none;\" href=\"https:\/\/goo.gl\/maps\/mEvLGSv4GzJDMuFh8\" target=\"_blank\" rel=\"noopener\" data-brz-link-type=\"external\">San Vicente<\/a>. Cruzamos el puente en el carro y paramos en el\u00a0<a class=\"link--external\" style=\"box-sizing: border-box; margin: 0px; padding: 0px; border: 0px; outline: 0px; font-variant: inherit; font-stretch: inherit; line-height: inherit; vertical-align: baseline; font-family: inherit; font-size: 18px; font-style: inherit; font-weight: inherit; background-color: transparent; color: #78a85d; text-decoration: none; transition: all 0.3s ease 0s; box-shadow: none;\" href=\"https:\/\/goo.gl\/maps\/gdjN2XEg4hnLK5wq9\" target=\"_blank\" rel=\"noopener\" data-brz-link-type=\"external\">Malec\u00f3n de San Vicente.<\/a>\u00a0Ah\u00ed hay un muelle con vista de Bah\u00eda de Car\u00e1quez. Ah\u00ed nos quedamos para ver la puesta del sol y luego regresamos a nuestra villa.<\/p><\/div><\/div><\/div>\t\t\t\t\t\t\t\t<\/div>\n\t\t\t\t<\/div>\n\t\t\t\t<div class=\"elementor-element elementor-element-352c000 elementor-widget elementor-widget-shortcode\" data-id=\"352c000\" data-element_type=\"widget\" data-widget_type=\"shortcode.default\">\n\t\t\t\t<div class=\"elementor-widget-container\">\n\t\t\t\t\t\t\t<div class=\"elementor-shortcode\"><\/div>\n\t\t\t\t\t\t<\/div>\n\t\t\t\t<\/div>\n\t\t\t\t<div class=\"elementor-element elementor-element-6ee8702 elementor-widget elementor-widget-text-editor\" data-id=\"6ee8702\" data-element_type=\"widget\" data-widget_type=\"text-editor.default\">\n\t\t\t\t<div class=\"elementor-widget-container\">\n\t\t\t\t\t\t\t\t\t<div class=\"brz-css-ideka brz-css-djdjv brz-wrapper\" style=\"box-sizing: border-box; margin: 0px; padding: 0px; border: 0px; outline: 0px; font-variant-ligatures: normal; font-variant-caps: normal; font-variant-numeric: inherit; font-variant-east-asian: inherit; font-stretch: inherit; line-height: inherit; vertical-align: baseline; font-family: Quicksand, sans-serif; font-size: 18px; font-style: normal; font-weight: 400; color: #001a1c; letter-spacing: -0.5px; orphans: 2; text-align: start; text-indent: 0px; text-transform: none; white-space: normal; widows: 2; word-spacing: 0px; -webkit-text-stroke-width: 0px; background-color: #ffffff; text-decoration-thickness: initial; text-decoration-style: initial; text-decoration-color: initial;\"><div class=\"brz-rich-text brz-rich-text__custom brz-css-qchwb\" style=\"box-sizing: border-box; margin: 0px; padding: 0px; border: 0px; outline: 0px; font-variant: inherit; font-stretch: inherit; line-height: inherit; vertical-align: baseline; font-family: inherit; font-size: 18px; font-style: inherit; font-weight: inherit;\" data-custom-id=\"tmjpimcbepreirwukivvmhpgmvvhduexsywe\"><div style=\"box-sizing: border-box; margin: 0px; padding: 0px; border: 0px; outline: 0px; font-variant: inherit; font-stretch: inherit; line-height: inherit; vertical-align: baseline; font-family: inherit; font-size: 18px; font-style: inherit; font-weight: inherit;\"><p class=\"brz-css-efczv\" style=\"box-sizing: border-box; overflow-wrap: break-word; margin: 1.5em auto; padding: 0px 20px; border: 0px; outline: 0px; font-variant: inherit; font-stretch: inherit; line-height: inherit; vertical-align: baseline; font-family: inherit; font-size: 18px; font-style: inherit; font-weight: inherit; max-width: 900px;\">El ultimo d\u00eda nos fuimos a la playa en <a class=\"link--external\" style=\"box-sizing: border-box; margin: 0px; padding: 0px; border: 0px; outline: 0px; font-variant: inherit; font-stretch: inherit; line-height: inherit; vertical-align: baseline; font-family: inherit; font-size: 18px; font-style: inherit; font-weight: inherit; background-color: transparent; color: #78a85d; text-decoration: none; transition: all 0.3s ease 0s; box-shadow: none;\" href=\"https:\/\/goo.gl\/maps\/BUHEnt24cGWj5UFUA\" target=\"_blank\" rel=\"noopener\" data-brz-link-type=\"external\">Crucita<\/a>\u00a0que queda al sur de San Jacinto a unos 20 minutos en carro. Esta playa es m\u00e1s tur\u00edstica y desayunamos en unos de los restaurantes frente a la playa. Despu\u00e9s del desayuno, nos fuimos a caminar por la playa antes de comenzar el viaje de regreso a Quito.<\/p><\/div><\/div><\/div>\t\t\t\t\t\t\t\t<\/div>\n\t\t\t\t<\/div>\n\t\t\t\t\t<\/div>\n\t\t<\/div>\n\t\t\t\t\t<\/div>\n\t\t<\/section>\n\t\t\t\t<\/div>","protected":false},"excerpt":{"rendered":"<p>Este lugar es menos conocido que otras en la regi\u00f3n y tiene playas naturales intactas. Es perfecto para reposar o caminar por la playa. Tambi\u00e9n hay varios restaurantes con vista al mar que sirven mariscos frescos.<\/p>","protected":false},"author":2,"featured_media":16353,"comment_status":"open","ping_status":"open","sticky":false,"template":"","format":"standard","meta":{"ocean_post_layout":"","ocean_both_sidebars_style":"","ocean_both_sidebars_content_width":0,"ocean_both_sidebars_sidebars_width":0,"ocean_sidebar":"0","ocean_second_sidebar":"0","ocean_disable_margins":"enable","ocean_add_body_class":"","ocean_shortcode_before_top_bar":"","ocean_shortcode_after_top_bar":"","ocean_shortcode_before_header":"","ocean_shortcode_after_header":"","ocean_has_shortcode":"","ocean_shortcode_after_title":"","ocean_shortcode_before_footer_widgets":"","ocean_shortcode_after_footer_widgets":"","ocean_shortcode_before_footer_bottom":"","ocean_shortcode_after_footer_bottom":"","ocean_display_top_bar":"default","ocean_display_header":"default","ocean_header_style":"","ocean_center_header_left_menu":"0","ocean_custom_header_template":"0","ocean_custom_logo":0,"ocean_custom_retina_logo":0,"ocean_custom_logo_max_width":0,"ocean_custom_logo_tablet_max_width":0,"ocean_custom_logo_mobile_max_width":0,"ocean_custom_logo_max_height":0,"ocean_custom_logo_tablet_max_height":0,"ocean_custom_logo_mobile_max_height":0,"ocean_header_custom_menu":"0","ocean_menu_typo_font_family":"0","ocean_menu_typo_font_subset":"","ocean_menu_typo_font_size":0,"ocean_menu_typo_font_size_tablet":0,"ocean_menu_typo_font_size_mobile":0,"ocean_menu_typo_font_size_unit":"px","ocean_menu_typo_font_weight":"","ocean_menu_typo_font_weight_tablet":"","ocean_menu_typo_font_weight_mobile":"","ocean_menu_typo_transform":"","ocean_menu_typo_transform_tablet":"","ocean_menu_typo_transform_mobile":"","ocean_menu_typo_line_height":0,"ocean_menu_typo_line_height_tablet":0,"ocean_menu_typo_line_height_mobile":0,"ocean_menu_typo_line_height_unit":"","ocean_menu_typo_spacing":0,"ocean_menu_typo_spacing_tablet":0,"ocean_menu_typo_spacing_mobile":0,"ocean_menu_typo_spacing_unit":"","ocean_menu_link_color":"","ocean_menu_link_color_hover":"","ocean_menu_link_color_active":"","ocean_menu_link_background":"","ocean_menu_link_hover_background":"","ocean_menu_link_active_background":"","ocean_menu_social_links_bg":"","ocean_menu_social_hover_links_bg":"","ocean_menu_social_links_color":"","ocean_menu_social_hover_links_color":"","ocean_disable_title":"default","ocean_disable_heading":"default","ocean_post_title":"","ocean_post_subheading":"","ocean_post_title_style":"background-image","ocean_post_title_background_color":"","ocean_post_title_background":16354,"ocean_post_title_bg_image_position":"","ocean_post_title_bg_image_attachment":"","ocean_post_title_bg_image_repeat":"","ocean_post_title_bg_image_size":"","ocean_post_title_height":0,"ocean_post_title_bg_overlay":0.5,"ocean_post_title_bg_overlay_color":"","ocean_disable_breadcrumbs":"default","ocean_breadcrumbs_color":"","ocean_breadcrumbs_separator_color":"","ocean_breadcrumbs_links_color":"","ocean_breadcrumbs_links_hover_color":"","ocean_display_footer_widgets":"default","ocean_display_footer_bottom":"default","ocean_custom_footer_template":"0","ocean_post_oembed":"","ocean_post_self_hosted_media":"","ocean_post_video_embed":"","ocean_link_format":"","ocean_link_format_target":"self","ocean_quote_format":"","ocean_quote_format_link":"post","ocean_gallery_link_images":"off","ocean_gallery_id":[],"footnotes":""},"categories":[32,26],"tags":[135,93,103,248,76,63,193,196,140,136,110,58],"class_list":["post-9558","post","type-post","status-publish","format-standard","has-post-thumbnail","hentry","category-ecuador","category-south-america","tag-bathing","tag-beach","tag-birds","tag-mangroves","tag-nature","tag-river","tag-sand","tag-sea","tag-seaside","tag-swimming","tag-town","tag-wildlife","entry","has-media"],"_links":{"self":[{"href":"https:\/\/www.maldotravels.com\/es\/wp-json\/wp\/v2\/posts\/9558","targetHints":{"allow":["GET"]}}],"collection":[{"href":"https:\/\/www.maldotravels.com\/es\/wp-json\/wp\/v2\/posts"}],"about":[{"href":"https:\/\/www.maldotravels.com\/es\/wp-json\/wp\/v2\/types\/post"}],"author":[{"embeddable":true,"href":"https:\/\/www.maldotravels.com\/es\/wp-json\/wp\/v2\/users\/2"}],"replies":[{"embeddable":true,"href":"https:\/\/www.maldotravels.com\/es\/wp-json\/wp\/v2\/comments?post=9558"}],"version-history":[{"count":33,"href":"https:\/\/www.maldotravels.com\/es\/wp-json\/wp\/v2\/posts\/9558\/revisions"}],"predecessor-version":[{"id":27753,"href":"https:\/\/www.maldotravels.com\/es\/wp-json\/wp\/v2\/posts\/9558\/revisions\/27753"}],"wp:featuredmedia":[{"embeddable":true,"href":"https:\/\/www.maldotravels.com\/es\/wp-json\/wp\/v2\/media\/16353"}],"wp:attachment":[{"href":"https:\/\/www.maldotravels.com\/es\/wp-json\/wp\/v2\/media?parent=9558"}],"wp:term":[{"taxonomy":"category","embeddable":true,"href":"https:\/\/www.maldotravels.com\/es\/wp-json\/wp\/v2\/categories?post=9558"},{"taxonomy":"post_tag","embeddable":true,"href":"https:\/\/www.maldotravels.com\/es\/wp-json\/wp\/v2\/tags?post=9558"}],"curies":[{"name":"wp","href":"https:\/\/api.w.org\/{rel}","templated":true}]}}