{"id":6132,"date":"2019-04-20T22:15:00","date_gmt":"2019-04-20T22:15:00","guid":{"rendered":"http:\/\/54.211.235.180\/?p=6132"},"modified":"2022-04-27T22:43:23","modified_gmt":"2022-04-27T22:43:23","slug":"lake-como-lakeside-towns-and-the-alps","status":"publish","type":"post","link":"https:\/\/www.maldotravels.com\/es\/europe\/lake-como-lakeside-towns-and-the-alps\/","title":{"rendered":"Lago Como - Los Alpes y Pueblos del Lago"},"content":{"rendered":"<div data-elementor-type=\"wp-post\" data-elementor-id=\"6132\" class=\"elementor elementor-6132\">\n\t\t\t\t\t\t<section class=\"elementor-section elementor-top-section elementor-element elementor-element-bea174a elementor-section-boxed elementor-section-height-default elementor-section-height-default\" data-id=\"bea174a\" data-element_type=\"section\">\n\t\t\t\t\t\t<div class=\"elementor-container elementor-column-gap-default\">\n\t\t\t\t\t<div class=\"elementor-column elementor-col-100 elementor-top-column elementor-element elementor-element-c0243ee\" data-id=\"c0243ee\" data-element_type=\"column\">\n\t\t\t<div class=\"elementor-widget-wrap elementor-element-populated\">\n\t\t\t\t\t\t<div class=\"elementor-element elementor-element-b291539 elementor-widget elementor-widget-text-editor\" data-id=\"b291539\" data-element_type=\"widget\" data-widget_type=\"text-editor.default\">\n\t\t\t\t<div class=\"elementor-widget-container\">\n\t\t\t\t\t\t\t\t\t<p>El d\u00eda siguiente despu\u00e9s de nuestra llegada a <a class=\"link--external\" href=\"https:\/\/goo.gl\/maps\/ag9j4c9wZWGA7uvT6\" target=\"_blank\" rel=\"noopener\" data-brz-link-type=\"external\">Mil\u00e1n<\/a>, decidimos tomar un paseo a <a class=\"link--external\" href=\"https:\/\/goo.gl\/maps\/3mPK81zTpHS8itpH8\" target=\"_blank\" rel=\"noopener\" data-brz-link-type=\"external\">Como<\/a>. Primero nos fuimos a <a class=\"link--external\" href=\"https:\/\/goo.gl\/maps\/F8VLBuEN5S1dWK7V6\" data-brz-link-type=\"external\">Milano Centrale<\/a> y compramos los boletos en las maquinas que pueden ser configuradas en espa\u00f1ol. Un boleto de ida cuesta 4.80 EUR<span id='easy-footnote-1-6132' class='easy-footnote-margin-adjust'><\/span><span class='easy-footnote'><a href='https:\/\/www.maldotravels.com\/es\/europe\/lake-como-lakeside-towns-and-the-alps\/#easy-footnote-bottom-1-6132' title='The currency used by most of the European Union countries known as the &lt;a class=&quot;link--external&quot; href=&quot;https:\/\/www.google.com\/search?q=eur+rate&quot; target=&quot;_blank&quot; rel=&quot;noopener&quot; data-brz-link-type=&quot;external&quot;&gt;Euro&lt;\/a&gt;'><sup>1<\/sup><\/a><\/span> y tambi\u00e9n se puede comprar los boletos con anticipaci\u00f3n en l\u00ednea. Nuestro tren sali\u00f3 a las 9.04 AM y solo son unos 40 minutos de viaje a la <a class=\"link--external\" href=\"https:\/\/goo.gl\/maps\/T9aP4Dwp66KDJ4ch7\" target=\"_blank\" rel=\"noopener\" data-brz-link-type=\"external\">estaci\u00f3n Como S. Giovanni<\/a>. Saliendo de la estaci\u00f3n, es una corta caminata a la plaza principal \u2013 <a class=\"link--external\" href=\"https:\/\/goo.gl\/maps\/dELGfM2XUH14jhey7\" target=\"_blank\" rel=\"noopener\" data-brz-link-type=\"external\">Piazza Cavour<\/a>. Las <a class=\"link--external\" href=\"https:\/\/goo.gl\/maps\/ppxFpnLQy3K1bcMM7\" target=\"_blank\" rel=\"noopener\" data-brz-link-type=\"external\">barcas<\/a> salen del muelle al lado de la plaza y despu\u00e9s de caminar por el \u00e1rea un rato, nos fuimos a la boleter\u00eda ah\u00ed para comprar boletos para <a class=\"link--external\" href=\"https:\/\/goo.gl\/maps\/rkRBF7xmSX6etS2aA\" target=\"_blank\" rel=\"noopener\" data-brz-link-type=\"external\">Bellagio<\/a>. Llegamos por las 10.AM y ya hab\u00eda una cola larga por lo cual esperamos unos 15 minutos para ser atendidos. Compramos los boletos para una barca r\u00e1pida que cost\u00f3 13 EUR y sal\u00eda a las 12.15 PM. Hay una lista de precios en l\u00ednea <a class=\"link--external\" href=\"https:\/\/www.navigazionelaghi.it\/\" target=\"_blank\" rel=\"noopener\" data-brz-link-type=\"external\">aqu\u00ed<\/a>. Como a\u00fan faltaba 1 hora y media para que salga la barca, nos fuimos a caminar por la ciudad. Hay varias plazas y zonas peatonales por lo cual es muy bonito caminar para explorar la ciudad. La caminata por la orilla tambi\u00e9n es hermosa y hay algunas bancas para sentarse mientras se aprecia la vista.<\/p>\t\t\t\t\t\t\t\t<\/div>\n\t\t\t\t<\/div>\n\t\t\t\t<div class=\"elementor-element elementor-element-c12ff0f elementor-widget elementor-widget-shortcode\" data-id=\"c12ff0f\" data-element_type=\"widget\" data-widget_type=\"shortcode.default\">\n\t\t\t\t<div class=\"elementor-widget-container\">\n\t\t\t\t\t\t\t<div class=\"elementor-shortcode\"><\/div>\n\t\t\t\t\t\t<\/div>\n\t\t\t\t<\/div>\n\t\t\t\t<div class=\"elementor-element elementor-element-22a15e7 elementor-widget elementor-widget-text-editor\" data-id=\"22a15e7\" data-element_type=\"widget\" data-widget_type=\"text-editor.default\">\n\t\t\t\t<div class=\"elementor-widget-container\">\n\t\t\t\t\t\t\t\t\t<p>Por el medio d\u00eda, ya regresamos al muelle y ya hab\u00eda una cola larga para subir a la barca. Cuando subimos al barco, el nivel superior ya estaba casi lleno, pero logre encontrar un asiento. Las ventanas en el nivel superior estaban m\u00e1s limpias que en el nivel inferior entonces es mejor para tomar fotos. Cuando la barca est\u00e1 en movimiento, el agua tambi\u00e9n salpica en las ventanas del nivel inferior. Nos hicimos unos 45 minutos a Bellagio y llegamos por la 1 PM. Las vistas en la ruta son incre\u00edbles especialmente los \u00faltimos 15 minutos cuando se puede ver a los Alpes. Tambi\u00e9n vimos algo de los pueblos <a class=\"link--external\" href=\"https:\/\/goo.gl\/maps\/8ksGewY5fzunbx278\" target=\"_blank\" rel=\"noopener\" data-brz-link-type=\"external\">Argegno<\/a>, <a class=\"link--external\" href=\"https:\/\/goo.gl\/maps\/qgy5LwbM9P5S9sZt6\" target=\"_blank\" rel=\"noopener\" data-brz-link-type=\"external\">Lenno<\/a>, y <a class=\"link--external\" href=\"https:\/\/goo.gl\/maps\/Bg4XHFpRdeFZZKWWA\" target=\"_blank\" rel=\"noopener\" data-brz-link-type=\"external\">Tremezzo<\/a> cuando la barca hizo paradas ah\u00ed. Al llegar a Bellagio, caminamos por un pasillo angosto donde hab\u00eda varios restaurantes entonces paramos en uno para almorzar. Acabamos de almorzar por las 2 PM, y de ah\u00ed nos fuimos a <a class=\"link--external\" href=\"https:\/\/goo.gl\/maps\/6Xpwa1KMcQyTmJHq5\" target=\"_blank\" rel=\"noopener\" data-brz-link-type=\"external\">La Punta<\/a> que es la pen\u00ednsula del Lago. El mirador aqu\u00ed tiene las mejores vistas de los Alpes y nos hicimos unos 10 minutos de caminata para llegar ah\u00ed desde el centro del pueblo. Al llegar a la pen\u00ednsula, hay un parque peque\u00f1o y una cafeter\u00eda\/restaurante donde se puede relajar mientras se aprecia la vista. Nos quedamos aqu\u00ed por alrededor de una hora antes de regresar al muelle para comprar boletas para <a class=\"link--external\" href=\"https:\/\/goo.gl\/maps\/WHHEMDC1R8LfZuoQ8\" target=\"_blank\" rel=\"noopener\" data-brz-link-type=\"external\">Menaggio<\/a>.<\/p>\t\t\t\t\t\t\t\t<\/div>\n\t\t\t\t<\/div>\n\t\t\t\t<div class=\"elementor-element elementor-element-ab9578f elementor-widget elementor-widget-shortcode\" data-id=\"ab9578f\" data-element_type=\"widget\" data-widget_type=\"shortcode.default\">\n\t\t\t\t<div class=\"elementor-widget-container\">\n\t\t\t\t\t\t\t<div class=\"elementor-shortcode\"><\/div>\n\t\t\t\t\t\t<\/div>\n\t\t\t\t<\/div>\n\t\t\t\t<div class=\"elementor-element elementor-element-6920905 elementor-widget elementor-widget-text-editor\" data-id=\"6920905\" data-element_type=\"widget\" data-widget_type=\"text-editor.default\">\n\t\t\t\t<div class=\"elementor-widget-container\">\n\t\t\t\t\t\t\t\t\t<p>Cuando llegamos a la boleter\u00eda, hab\u00eda una cola enorme. Esperamos en la cola por m\u00e1s de una hora. Todo el personal est\u00e1 detr\u00e1s de las ventanillas y no hay nadie afuera que provee informaci\u00f3n por lo cual fue bien frustrante. Vimos a una barca que par\u00f3 en otro muelle al otro extremo del pueblo, entonces alguien de nuestro grupo se fue a averiguar a donde iba esa barca. Resulta que all\u00e1 hab\u00eda otra boleter\u00eda donde no hab\u00eda cola. Tuvimos que correr all\u00e1 porque la barca ya iba a salir a las 4.30 PM, pero si llegamos a tiempo y terminamos comprando boletos para <a class=\"link--external\" href=\"https:\/\/goo.gl\/maps\/hLodnBJVHRn52SRe8\" target=\"_blank\" rel=\"noopener\" data-brz-link-type=\"external\">Varenna<\/a> por 4.60 EUR como ya hab\u00edamos perdido tanto tiempo. El viaje a Varenna tardo solo 15 minutos, y una vez m\u00e1s, las vistas del lago y el paisaje es espectacular.<\/p>\t\t\t\t\t\t\t\t<\/div>\n\t\t\t\t<\/div>\n\t\t\t\t\t<\/div>\n\t\t<\/div>\n\t\t\t\t\t<\/div>\n\t\t<\/section>\n\t\t\t\t<section class=\"elementor-section elementor-top-section elementor-element elementor-element-1b3c7ca9 elementor-section-height-min-height elementor-section-boxed elementor-section-height-default elementor-section-items-middle\" data-id=\"1b3c7ca9\" data-element_type=\"section\" data-settings=\"{&quot;background_background&quot;:&quot;classic&quot;}\">\n\t\t\t\t\t\t<div class=\"elementor-container elementor-column-gap-default\">\n\t\t\t\t\t<div class=\"elementor-column elementor-col-100 elementor-top-column elementor-element elementor-element-28a72574\" data-id=\"28a72574\" data-element_type=\"column\">\n\t\t\t<div class=\"elementor-widget-wrap\">\n\t\t\t\t\t\t\t<\/div>\n\t\t<\/div>\n\t\t\t\t\t<\/div>\n\t\t<\/section>\n\t\t\t\t<section class=\"elementor-section elementor-top-section elementor-element elementor-element-7b01b87 elementor-section-boxed elementor-section-height-default elementor-section-height-default\" data-id=\"7b01b87\" data-element_type=\"section\">\n\t\t\t\t\t\t<div class=\"elementor-container elementor-column-gap-default\">\n\t\t\t\t\t<div class=\"elementor-column elementor-col-100 elementor-top-column elementor-element elementor-element-84bb0bd\" data-id=\"84bb0bd\" data-element_type=\"column\">\n\t\t\t<div class=\"elementor-widget-wrap elementor-element-populated\">\n\t\t\t\t\t\t<div class=\"elementor-element elementor-element-e8d0fa2 elementor-widget elementor-widget-text-editor\" data-id=\"e8d0fa2\" data-element_type=\"widget\" data-widget_type=\"text-editor.default\">\n\t\t\t\t<div class=\"elementor-widget-container\">\n\t\t\t\t\t\t\t\t\t<p>Al llegar a Varenna, nos fuimos a caminar y pasamos por unos pasajes angostos monta\u00f1osos. Es una caminata agradable y hay varios restaurantes\/cafeter\u00edas en el pueblo colorido. Mi parte favorita es el camino que va por la orilla del lago porque hay varios miradores con vistas de postal del lago y las casas coloridas. Hay algunas bancas para descansar y apreciar las vistas o puedes comer en uno de los restaurantes con mesas en la orilla de mar. Despu\u00e9s de unas 2 horas de caminata por el pueblo, nos fuimos a la <a class=\"link--external\" href=\"https:\/\/goo.gl\/maps\/GfdDuzYTHqcjo5Jv7\" target=\"_blank\" rel=\"noopener\" data-brz-link-type=\"external\">estaci\u00f3n de tren de Varenna<\/a> y llegamos por las 6.45 PM. Los trenes a Mil\u00e1n pasan cada hora y justo se nos fue el tren de las 6.37 PM entonces tuvimos que esperar al tren de las 7.37 PM.<\/p>\t\t\t\t\t\t\t\t<\/div>\n\t\t\t\t<\/div>\n\t\t\t\t<div class=\"elementor-element elementor-element-9859018 elementor-widget elementor-widget-shortcode\" data-id=\"9859018\" data-element_type=\"widget\" data-widget_type=\"shortcode.default\">\n\t\t\t\t<div class=\"elementor-widget-container\">\n\t\t\t\t\t\t\t<div class=\"elementor-shortcode\"><\/div>\n\t\t\t\t\t\t<\/div>\n\t\t\t\t<\/div>\n\t\t\t\t<div class=\"elementor-element elementor-element-2285df5 elementor-widget elementor-widget-text-editor\" data-id=\"2285df5\" data-element_type=\"widget\" data-widget_type=\"text-editor.default\">\n\t\t\t\t<div class=\"elementor-widget-container\">\n\t\t\t\t\t\t\t\t\t<p>La boleter\u00eda estaba cerrada y no hab\u00eda nadie a quien pedir informaci\u00f3n. Un tren paso por las 7.27 PM per no est\u00e1bamos seguros si era nuestro tren que llegaba temprano os si era otro tren. Nos subimos y no hab\u00eda informaci\u00f3n con el destino del tren y el conductor tampoco hizo un anuncio. Preguntamos a los pasajeros y nos dijeron que no iba a Mil\u00e1n entonces nos bajamos. Nuestro tren llego tarde por las 7.50 PM. Como no pudimos comprar un boleto en la estaci\u00f3n, cuando vino el inspector \u00e9l nos vendi\u00f3 los boletos a 6.70 EUR por persona y pudimos pagar con tarjeta de cr\u00e9dito. La ruta de Varenna a <a class=\"link--external\" href=\"https:\/\/goo.gl\/maps\/na6Fe5vuJXtqNq4j8\" target=\"_blank\" rel=\"noopener\" data-brz-link-type=\"external\">Lecco<\/a>, el tren pasa por el lago y vimos como el sol se estaba ocultando detr\u00e1s de las monta\u00f1as. El viaje de retorno duro 1 hora y 20 minutos y llegamos a Mil\u00e1n por las 9.10 PM.<br><\/p>\t\t\t\t\t\t\t\t<\/div>\n\t\t\t\t<\/div>\n\t\t\t\t\t<\/div>\n\t\t<\/div>\n\t\t\t\t\t<\/div>\n\t\t<\/section>\n\t\t\t\t<\/div>","protected":false},"excerpt":{"rendered":"<p>Saliendo de Mil\u00e1n, se puede visitar a este Lago de postal en un paseo de un d\u00eda. Explora el lago en bote parando en algunos pueblos pintorescos con muchas hermosas vistas del paisaje con los Alpes en el fondo.<\/p>","protected":false},"author":2,"featured_media":17618,"comment_status":"open","ping_status":"open","sticky":false,"template":"","format":"standard","meta":{"ocean_post_layout":"","ocean_both_sidebars_style":"","ocean_both_sidebars_content_width":0,"ocean_both_sidebars_sidebars_width":0,"ocean_sidebar":"0","ocean_second_sidebar":"0","ocean_disable_margins":"enable","ocean_add_body_class":"","ocean_shortcode_before_top_bar":"","ocean_shortcode_after_top_bar":"","ocean_shortcode_before_header":"","ocean_shortcode_after_header":"","ocean_has_shortcode":"","ocean_shortcode_after_title":"","ocean_shortcode_before_footer_widgets":"","ocean_shortcode_after_footer_widgets":"","ocean_shortcode_before_footer_bottom":"","ocean_shortcode_after_footer_bottom":"","ocean_display_top_bar":"default","ocean_display_header":"default","ocean_header_style":"","ocean_center_header_left_menu":"0","ocean_custom_header_template":"0","ocean_custom_logo":0,"ocean_custom_retina_logo":0,"ocean_custom_logo_max_width":0,"ocean_custom_logo_tablet_max_width":0,"ocean_custom_logo_mobile_max_width":0,"ocean_custom_logo_max_height":0,"ocean_custom_logo_tablet_max_height":0,"ocean_custom_logo_mobile_max_height":0,"ocean_header_custom_menu":"0","ocean_menu_typo_font_family":"0","ocean_menu_typo_font_subset":"","ocean_menu_typo_font_size":0,"ocean_menu_typo_font_size_tablet":0,"ocean_menu_typo_font_size_mobile":0,"ocean_menu_typo_font_size_unit":"px","ocean_menu_typo_font_weight":"","ocean_menu_typo_font_weight_tablet":"","ocean_menu_typo_font_weight_mobile":"","ocean_menu_typo_transform":"","ocean_menu_typo_transform_tablet":"","ocean_menu_typo_transform_mobile":"","ocean_menu_typo_line_height":0,"ocean_menu_typo_line_height_tablet":0,"ocean_menu_typo_line_height_mobile":0,"ocean_menu_typo_line_height_unit":"","ocean_menu_typo_spacing":0,"ocean_menu_typo_spacing_tablet":0,"ocean_menu_typo_spacing_mobile":0,"ocean_menu_typo_spacing_unit":"","ocean_menu_link_color":"","ocean_menu_link_color_hover":"","ocean_menu_link_color_active":"","ocean_menu_link_background":"","ocean_menu_link_hover_background":"","ocean_menu_link_active_background":"","ocean_menu_social_links_bg":"","ocean_menu_social_hover_links_bg":"","ocean_menu_social_links_color":"","ocean_menu_social_hover_links_color":"","ocean_disable_title":"default","ocean_disable_heading":"default","ocean_post_title":"","ocean_post_subheading":"","ocean_post_title_style":"background-image","ocean_post_title_background_color":"","ocean_post_title_background":17607,"ocean_post_title_bg_image_position":"","ocean_post_title_bg_image_attachment":"","ocean_post_title_bg_image_repeat":"","ocean_post_title_bg_image_size":"","ocean_post_title_height":0,"ocean_post_title_bg_overlay":0.3,"ocean_post_title_bg_overlay_color":"","ocean_disable_breadcrumbs":"default","ocean_breadcrumbs_color":"","ocean_breadcrumbs_separator_color":"","ocean_breadcrumbs_links_color":"","ocean_breadcrumbs_links_hover_color":"","ocean_display_footer_widgets":"default","ocean_display_footer_bottom":"default","ocean_custom_footer_template":"0","ocean_post_oembed":"","ocean_post_self_hosted_media":"","ocean_post_video_embed":"","ocean_link_format":"","ocean_link_format_target":"self","ocean_quote_format":"","ocean_quote_format_link":"post","ocean_gallery_link_images":"off","ocean_gallery_id":[],"footnotes":""},"categories":[173,175],"tags":[77,109,142,86,174,55,47,44,148,159,99,110,70],"class_list":["post-6132","post","type-post","status-publish","format-standard","has-post-thumbnail","hentry","category-europe","category-italy","tag-architecture","tag-boat","tag-colorful","tag-day-trip","tag-ferry","tag-lake","tag-landscapes","tag-mountain","tag-relaxing","tag-self-guided","tag-tourist-sites","tag-town","tag-viewpoint","entry","has-media"],"_links":{"self":[{"href":"https:\/\/www.maldotravels.com\/es\/wp-json\/wp\/v2\/posts\/6132","targetHints":{"allow":["GET"]}}],"collection":[{"href":"https:\/\/www.maldotravels.com\/es\/wp-json\/wp\/v2\/posts"}],"about":[{"href":"https:\/\/www.maldotravels.com\/es\/wp-json\/wp\/v2\/types\/post"}],"author":[{"embeddable":true,"href":"https:\/\/www.maldotravels.com\/es\/wp-json\/wp\/v2\/users\/2"}],"replies":[{"embeddable":true,"href":"https:\/\/www.maldotravels.com\/es\/wp-json\/wp\/v2\/comments?post=6132"}],"version-history":[{"count":33,"href":"https:\/\/www.maldotravels.com\/es\/wp-json\/wp\/v2\/posts\/6132\/revisions"}],"predecessor-version":[{"id":27900,"href":"https:\/\/www.maldotravels.com\/es\/wp-json\/wp\/v2\/posts\/6132\/revisions\/27900"}],"wp:featuredmedia":[{"embeddable":true,"href":"https:\/\/www.maldotravels.com\/es\/wp-json\/wp\/v2\/media\/17618"}],"wp:attachment":[{"href":"https:\/\/www.maldotravels.com\/es\/wp-json\/wp\/v2\/media?parent=6132"}],"wp:term":[{"taxonomy":"category","embeddable":true,"href":"https:\/\/www.maldotravels.com\/es\/wp-json\/wp\/v2\/categories?post=6132"},{"taxonomy":"post_tag","embeddable":true,"href":"https:\/\/www.maldotravels.com\/es\/wp-json\/wp\/v2\/tags?post=6132"}],"curies":[{"name":"wp","href":"https:\/\/api.w.org\/{rel}","templated":true}]}}