{"id":4037,"date":"2018-09-12T23:20:00","date_gmt":"2018-09-12T23:20:00","guid":{"rendered":"http:\/\/54.211.235.180\/?p=4037"},"modified":"2022-04-28T20:37:32","modified_gmt":"2022-04-28T20:37:32","slug":"arequipa-colca-canyon","status":"publish","type":"post","link":"https:\/\/www.maldotravels.com\/es\/south-america\/arequipa-colca-canyon\/","title":{"rendered":"Arequipa - El Ca\u00f1\u00f3n de Colca"},"content":{"rendered":"<div data-elementor-type=\"wp-post\" data-elementor-id=\"4037\" class=\"elementor elementor-4037\">\n\t\t\t\t\t\t<section class=\"elementor-section elementor-top-section elementor-element elementor-element-ac28195 elementor-section-boxed elementor-section-height-default elementor-section-height-default\" data-id=\"ac28195\" data-element_type=\"section\">\n\t\t\t\t\t\t<div class=\"elementor-container elementor-column-gap-default\">\n\t\t\t\t\t<div class=\"elementor-column elementor-col-100 elementor-top-column elementor-element elementor-element-7b55957\" data-id=\"7b55957\" data-element_type=\"column\">\n\t\t\t<div class=\"elementor-widget-wrap elementor-element-populated\">\n\t\t\t\t\t\t<div class=\"elementor-element elementor-element-01275c1 elementor-widget elementor-widget-text-editor\" data-id=\"01275c1\" data-element_type=\"widget\" data-widget_type=\"text-editor.default\">\n\t\t\t\t<div class=\"elementor-widget-container\">\n\t\t\t\t\t\t\t\t\t<p>Despu\u00e9s de nuestra estad\u00eda llena de aventura en <a class=\"link--external\" href=\"https:\/\/goo.gl\/maps\/FjXvzYZi4Zydb6v67\" target=\"_blank\" rel=\"noopener\" data-brz-link-type=\"external\">Cusco<\/a>, tomamos un bus nocturno a <a class=\"link--external\" href=\"https:\/\/goo.gl\/maps\/RPf6p4jtkNdcY6ea6\" target=\"_blank\" rel=\"noopener\" data-brz-link-type=\"external\">Arequipa<\/a> que sali\u00f3 a las 8.30 PM y llego a las 7 AM. Los boletos para los asientos VIP que se reclinan mas nos cost\u00f3 60 PEN<span id='easy-footnote-1-4037' class='easy-footnote-margin-adjust'><\/span><span class='easy-footnote'><a href='https:\/\/www.maldotravels.com\/es\/south-america\/arequipa-colca-canyon\/#easy-footnote-bottom-1-4037' title='The currency used in Peru known as the &lt;a class=&quot;link--external&quot; href=&quot;https:\/\/www.google.com\/search?q=pen+currency+rate&quot; target=&quot;_blank&quot; rel=&quot;noopener&quot; data-brz-link-type=&quot;external&quot;&gt;Peruvian Nuevo Sol&lt;\/a&gt;'><sup>1<\/sup><\/a><\/span> por persona. La terminal de Cusco tambi\u00e9n tiene una tarifa adicional por el uso de la terminal que cuesta 1.40 PEN. Si tomas un taxi\/Uber<span id='easy-footnote-2-4037' class='easy-footnote-margin-adjust'><\/span><span class='easy-footnote'><a href='https:\/\/www.maldotravels.com\/es\/south-america\/arequipa-colca-canyon\/#easy-footnote-bottom-2-4037' title='Una app popular para pedir transporte tipo taxi'><sup>2<\/sup><\/a><\/span> a la terminal, tambi\u00e9n hay una tarifa adicional de 1.30 PEN. El viaje a Arequipa es tranquilo y logramos dormir por la noche. Nuestro hotel en Arequipa estuvo ubicado al lado del <a class=\"link--external\" href=\"https:\/\/goo.gl\/maps\/PsaVCfcGbDTiYQnXA\" target=\"_blank\" rel=\"noopener\" data-brz-link-type=\"external\">Monasterio de Santa Catalina<\/a>. Tomamos un Uber desde la terminal que nos cost\u00f3 10 PEN y llegamos al hotel en 15 minutos.<\/p>\t\t\t\t\t\t\t\t<\/div>\n\t\t\t\t<\/div>\n\t\t\t\t<div class=\"elementor-element elementor-element-10f97805 elementor-widget elementor-widget-heading\" data-id=\"10f97805\" data-element_type=\"widget\" data-widget_type=\"heading.default\">\n\t\t\t\t<div class=\"elementor-widget-container\">\n\t\t\t\t\t<h2 class=\"elementor-heading-title elementor-size-default\">La Ciudad y Buscando Tours<\/h2>\t\t\t\t<\/div>\n\t\t\t\t<\/div>\n\t\t\t\t<div class=\"elementor-element elementor-element-10ecf4f elementor-widget elementor-widget-text-editor\" data-id=\"10ecf4f\" data-element_type=\"widget\" data-widget_type=\"text-editor.default\">\n\t\t\t\t<div class=\"elementor-widget-container\">\n\t\t\t\t\t\t\t\t\t<p>Nuestro cuarto aun no estaba listo cuando llegamos entonces dejamos nuestro equipaje en el hotel y nos fuimos a la <a class=\"link--external\" href=\"https:\/\/goo.gl\/maps\/QdhtynfhNPHZvF3S8\" target=\"_blank\" rel=\"noopener\" data-brz-link-type=\"external\">Plaza de Armas<\/a> para buscar tours. Nosotros quer\u00edamos visitar el <a class=\"link--external\" href=\"https:\/\/goo.gl\/maps\/ZDLVfQZjhK2CyuWv5\" target=\"_blank\" rel=\"noopener\" data-brz-link-type=\"external\">Ca\u00f1\u00f3n de Colca<\/a> y encontramos varias opciones. Hab\u00eda tours de 1 d\u00eda, 2 d\u00edas, o 3 d\u00edas. El tour de 1 d\u00eda parec\u00eda muy corto y el de 3 d\u00edas se ve\u00eda genial, pero quer\u00edamos hacer otra actividad en nuestro \u00faltimo d\u00eda en Arequipa. Por eso decidimos ir en el tour de 2 d\u00edas con una caminata incluida. En nuestro tercer y \u00faltimo d\u00eda, decidimos hacer un <a class=\"link--external\" href=\"http:\/\/54.211.235.180\/south-america\/arequipa-rafting\/\" target=\"_blank\" rel=\"noopener\" data-brz-link-type=\"external\">tour de rafting<\/a>. Despu\u00e9s de reservar los tours, nos fuimos a dar una vuelta por la ciudad y encontramos el <a class=\"link--external\" href=\"https:\/\/goo.gl\/maps\/q9vddazrp1uQUgfh9\" target=\"_blank\" rel=\"noopener\" data-brz-link-type=\"external\">mercado central<\/a> entonces almorzamos ah\u00ed. De ah\u00ed nos fuimos al <a class=\"link--external\" href=\"https:\/\/goo.gl\/maps\/3oDE4QBmMnCCEKpm7\" target=\"_blank\" rel=\"noopener\" data-brz-link-type=\"external\">Mall Aventura<\/a> para comprar unos snacks y agua para el tour de 2 d\u00edas al Ca\u00f1\u00f3n de Colca. Alrededor de las 3 PM, nos fuimos de regreso al hotel para instalarnos en nuestra habitaci\u00f3n. Descansamos ah\u00ed un rato antes de salir a caminar por la ciudad mas de noche. Como el tour nos iba a pasar viendo a las 3 AM el proximo d\u00eda, nos fuimos a dormir temprano esa noche para descansar para la caminata. La ciudad de Arequipa es peque\u00f1a y hermosa. Tambi\u00e9n tiene una buena vida nocturna que exploramos despu\u00e9s de nuestro retorno del Ca\u00f1on de Colca.<\/p>\t\t\t\t\t\t\t\t<\/div>\n\t\t\t\t<\/div>\n\t\t\t\t<div class=\"elementor-element elementor-element-1c50e09 elementor-widget elementor-widget-shortcode\" data-id=\"1c50e09\" data-element_type=\"widget\" data-widget_type=\"shortcode.default\">\n\t\t\t\t<div class=\"elementor-widget-container\">\n\t\t\t\t\t\t\t<div class=\"elementor-shortcode\"><\/div>\n\t\t\t\t\t\t<\/div>\n\t\t\t\t<\/div>\n\t\t\t\t<div class=\"elementor-element elementor-element-d64c3d7 elementor-widget elementor-widget-heading\" data-id=\"d64c3d7\" data-element_type=\"widget\" data-widget_type=\"heading.default\">\n\t\t\t\t<div class=\"elementor-widget-container\">\n\t\t\t\t\t<h2 class=\"elementor-heading-title elementor-size-default\">Ca\u00f1\u00f3n de Colca - D\u00eda 1<\/h2>\t\t\t\t<\/div>\n\t\t\t\t<\/div>\n\t\t\t\t<div class=\"elementor-element elementor-element-38fab54 elementor-widget elementor-widget-text-editor\" data-id=\"38fab54\" data-element_type=\"widget\" data-widget_type=\"text-editor.default\">\n\t\t\t\t<div class=\"elementor-widget-container\">\n\t\t\t\t\t\t\t\t\t<p>Nos recogieron de nuestro hotel alrededor de las 3 AM. Luego la buseta fue a recoger a otros grupos de sus hoteles antes de empezar nuestro viaje al Ca\u00f1\u00f3n de Colca. En el camino paramos en un peque\u00f1o pueblo para desayunar alrededor de las 8 AM y de ah\u00ed llegamos al mirador de <a class=\"link--external\" href=\"https:\/\/goo.gl\/maps\/N72nx2i1p9ujnWv3A\" target=\"_blank\" rel=\"noopener\" data-brz-link-type=\"external\">Cruz del Condor<\/a> alrededor de las 9.30 AM. En este mirador, con un poco de suerte podr\u00e1s ver unos c\u00f3ndores andinos en vuelo. Necesitaras una c\u00e1mara con una lente grande para poder tomar fotos de cerca. Si no logras ver los c\u00f3ndores, aun podr\u00e1s apreciar las magnificas vistas del paisaje del ca\u00f1\u00f3n. Despu\u00e9s de pasar unos 30 minutos en el mirador, la buseta nos lleva al inicio de la caminata que queda a unos 20 minutos de ah\u00ed. El primer d\u00eda de la caminata es sencillo porque es cuesta abajo. En total, nos hicimos 3 horas y 30 minutos de caminata y el grupo va junto con el gu\u00eda al frente. El gu\u00eda nos lleva en jornadas de 20-30 minutos y nos da informaci\u00f3n del ca\u00f1\u00f3n y la vegetaci\u00f3n en los descansos. Alrededor de la 1 PM, hicimos una parada para el almuerzo.<\/p>\t\t\t\t\t\t\t\t<\/div>\n\t\t\t\t<\/div>\n\t\t\t\t\t<\/div>\n\t\t<\/div>\n\t\t\t\t\t<\/div>\n\t\t<\/section>\n\t\t\t\t<section class=\"elementor-section elementor-top-section elementor-element elementor-element-5db890c elementor-section-height-min-height elementor-section-boxed elementor-section-height-default elementor-section-items-middle\" data-id=\"5db890c\" data-element_type=\"section\" data-settings=\"{&quot;background_background&quot;:&quot;classic&quot;}\">\n\t\t\t\t\t\t<div class=\"elementor-container elementor-column-gap-default\">\n\t\t\t\t\t<div class=\"elementor-column elementor-col-100 elementor-top-column elementor-element elementor-element-21c75067\" data-id=\"21c75067\" data-element_type=\"column\">\n\t\t\t<div class=\"elementor-widget-wrap\">\n\t\t\t\t\t\t\t<\/div>\n\t\t<\/div>\n\t\t\t\t\t<\/div>\n\t\t<\/section>\n\t\t\t\t<section class=\"elementor-section elementor-top-section elementor-element elementor-element-5f3dd8b elementor-section-boxed elementor-section-height-default elementor-section-height-default\" data-id=\"5f3dd8b\" data-element_type=\"section\">\n\t\t\t\t\t\t<div class=\"elementor-container elementor-column-gap-default\">\n\t\t\t\t\t<div class=\"elementor-column elementor-col-100 elementor-top-column elementor-element elementor-element-4047266\" data-id=\"4047266\" data-element_type=\"column\">\n\t\t\t<div class=\"elementor-widget-wrap elementor-element-populated\">\n\t\t\t\t\t\t<div class=\"elementor-element elementor-element-2c69b46 elementor-widget elementor-widget-text-editor\" data-id=\"2c69b46\" data-element_type=\"widget\" data-widget_type=\"text-editor.default\">\n\t\t\t\t<div class=\"elementor-widget-container\">\n\t\t\t\t\t\t\t\t\t<p>El lugar del almuerzo queda en el fondo del ca\u00f1\u00f3n despu\u00e9s de cruzar el r\u00edo. Tuvimos alrededor de 1 hora y 30 minutos para almorzar antes de continuar al <a class=\"link--external\" href=\"https:\/\/goo.gl\/maps\/vMg1YanAoxRLFe2p7\" target=\"_blank\" rel=\"noopener\" data-brz-link-type=\"external\">hospedaje en el oasis<\/a>. In la \u00faltima jornada de la caminata, hay una peque\u00f1a tienda donde se puede comprar snacks y bebidas. En la parte final de la caminata, nos toca cruzar el r\u00edo otra vez y el hospedaje queda cerca de ah\u00ed. Llegamos al hospedaje alrededor de las 4.30 PM. Al llegar, nos asignan las habitaciones en los grupos que vinimos. Si viajas solo, te ponen en grupo con otros viajeros solos. El gu\u00eda nos dice que la merienda es a las 6 PM, entonces tenemos tiempo para ducharnos, descansar, y usar la piscina. Los cuartos son b\u00e1sicos y no tienen electricidad, entonces aseg\u00farate de llevar un cargador port\u00e1til. Hay 2 duchas que son compartidas entre todos los grupos, entonces nos duchamos antes de descansar o ir a la piscina. Las duchas tampoco tienen luz, entonces necesitaras una linterna. La piscina tiene un bar y un \u00e1rea con mesas y sillas. La piscina estuvo fr\u00eda entonces no nos metimos y solo descansamos al lado de la piscina. A las 6 PM, nos fuimos al comedor para la merienda. Despu\u00e9s de merendar, el gu\u00eda nos dio instrucciones para el siguiente d\u00eda y nos dijo que estemos listos para salir a las 5 AM. Nos dijo que nos van a dar unas linternas, pero que tambi\u00e9n podemos usar las linternas de nuestros celulares. Tambi\u00e9n nos dijo que esta caminata era mucho m\u00e1s dif\u00edcil y si tienes dudas de poder completarla, puedes arrendar unas mulas. Despu\u00e9s de la charla, te puedes ir a dormir o quedarte en el comedor hasta las 8-9 PM que tiene luces. Nosotros nos quedamos ah\u00ed jugando cartas con otros viajeros. Despu\u00e9s de apagaron las luces, nos fuimos a dormir para madrugar para la caminata del d\u00eda siguiente.<\/p>\t\t\t\t\t\t\t\t<\/div>\n\t\t\t\t<\/div>\n\t\t\t\t<div class=\"elementor-element elementor-element-5d5e009 elementor-widget elementor-widget-shortcode\" data-id=\"5d5e009\" data-element_type=\"widget\" data-widget_type=\"shortcode.default\">\n\t\t\t\t<div class=\"elementor-widget-container\">\n\t\t\t\t\t\t\t<div class=\"elementor-shortcode\"><\/div>\n\t\t\t\t\t\t<\/div>\n\t\t\t\t<\/div>\n\t\t\t\t<div class=\"elementor-element elementor-element-679a48d elementor-widget elementor-widget-heading\" data-id=\"679a48d\" data-element_type=\"widget\" data-widget_type=\"heading.default\">\n\t\t\t\t<div class=\"elementor-widget-container\">\n\t\t\t\t\t<h2 class=\"elementor-heading-title elementor-size-default\">Ca\u00f1\u00f3n de Colca - D\u00eda 2<\/h2>\t\t\t\t<\/div>\n\t\t\t\t<\/div>\n\t\t\t\t<div class=\"elementor-element elementor-element-c7f9eab elementor-widget elementor-widget-text-editor\" data-id=\"c7f9eab\" data-element_type=\"widget\" data-widget_type=\"text-editor.default\">\n\t\t\t\t<div class=\"elementor-widget-container\">\n\t\t\t\t\t\t\t\t\t<p>La noche fue bastante fr\u00eda en nuestra habitaci\u00f3n y nos levantamos a las 4.30 AM para estar listos para salir a las 5 AM. Esperamos en el punto de encuentro por unos 10 minutos para esperar que los otros grupos lleguen antes de salir. El gu\u00eda nos dijo que esta caminata tarda unas 3 horas y que pod\u00edamos ir a nuestro paso porque solo hay un \u00fanico camino. La caminata empieza a 2.100 metros y termina a 3.200 metros y es bastante agotadora. En la madrugada hace bastante frio, pero ya despu\u00e9s que sale el sol empieza a hacer calor. El sol sale alrededor de las 6 AM y ah\u00ed podemos observar el hermoso paisaje del ca\u00f1\u00f3n en el amanecer. Al llegar al tope, hay un \u00e1rea para descansar debajo de la sombra. Esperamos unos 20-30 minutos para que llegue el resto del grupo. Luego, continuamos caminando unos 20 minutos al pueblo de <a class=\"link--external\" href=\"https:\/\/goo.gl\/maps\/hM2Mdzsa7Qk3M8QS9\" target=\"_blank\" rel=\"noopener\" data-brz-link-type=\"external\">Cabanaconde<\/a> para desayunar. En el camino, pasamos un mirador de unas terrazas pre-Incas.<\/p>\t\t\t\t\t\t\t\t<\/div>\n\t\t\t\t<\/div>\n\t\t\t\t<div class=\"elementor-element elementor-element-cfba38d elementor-widget elementor-widget-shortcode\" data-id=\"cfba38d\" data-element_type=\"widget\" data-widget_type=\"shortcode.default\">\n\t\t\t\t<div class=\"elementor-widget-container\">\n\t\t\t\t\t\t\t<div class=\"elementor-shortcode\"><\/div>\n\t\t\t\t\t\t<\/div>\n\t\t\t\t<\/div>\n\t\t\t\t<div class=\"elementor-element elementor-element-4741b61 elementor-widget elementor-widget-text-editor\" data-id=\"4741b61\" data-element_type=\"widget\" data-widget_type=\"text-editor.default\">\n\t\t\t\t<div class=\"elementor-widget-container\">\n\t\t\t\t\t\t\t\t\t<p>Despu\u00e9s de desayunar, la buseta nos lleva a unas termas cerca del pueblo de <a class=\"link--external\" href=\"https:\/\/goo.gl\/maps\/rc1ScUEPh2PUftao9\" target=\"_blank\" rel=\"noopener\" data-brz-link-type=\"external\">Yanque<\/a>. La entrada cuesta 15 PEN. Esta actividad es opcional y puedes quedarte por el r\u00edo. El agua del r\u00edo es helada y el agua de las termas llega a los 38 grados. Las termas est\u00e1n conectadas al r\u00edo entonces hab\u00eda unas personas que saltaban al r\u00edo despu\u00e9s de salir de las termas. Tuvimos alrededor de una hora aqu\u00ed antes de ir a almorzar en <a class=\"link--external\" href=\"https:\/\/goo.gl\/maps\/EaM5QazeWMwPv9qz6\" target=\"_blank\" rel=\"noopener\" data-brz-link-type=\"external\">Chivay<\/a> donde nos llevan a un restaurante tipo buffet. Esto tambi\u00e9n es opcional y puedes ir a almorzar a otro lado El buffet cuesta 30 PEN y estuvo muy sabroso. Luego, empezamos nuestro viaje de retorno a Arequipa y hacemos una parada en el '<a class=\"link--external\" href=\"https:\/\/goo.gl\/maps\/JEZKCMCAoeJN7avFA\" target=\"_blank\" rel=\"noopener\" data-brz-link-type=\"external\">Mirador de Los Andes<\/a>'. Este es un mirador de las monta\u00f1as y volcanes que hay en el alrededor. Tambi\u00e9n te puedes tomar fotos con las llamas\/alpacas que los ind\u00edgenas llevan ah\u00ed. Llegamos a Arequipa alrededor de las 5 PM y la buseta nos dejo a todos los grupos en nuestros hoteles o en la Plaza de Armas si lo prefieres.<\/p>\t\t\t\t\t\t\t\t<\/div>\n\t\t\t\t<\/div>\n\t\t\t\t\t<\/div>\n\t\t<\/div>\n\t\t\t\t\t<\/div>\n\t\t<\/section>\n\t\t\t\t<\/div>","protected":false},"excerpt":{"rendered":"<p>Observa el vuelo del Condor Andino sobre el ca\u00f1\u00f3n, toma un ba\u00f1o en las termas del r\u00edo Colca, y admira los bellos paisajes desde varios miradores en uno de los ca\u00f1ones m\u00e1s profundos del mundo.<\/p>","protected":false},"author":2,"featured_media":18506,"comment_status":"open","ping_status":"open","sticky":false,"template":"","format":"standard","meta":{"ocean_post_layout":"","ocean_both_sidebars_style":"","ocean_both_sidebars_content_width":0,"ocean_both_sidebars_sidebars_width":0,"ocean_sidebar":"0","ocean_second_sidebar":"0","ocean_disable_margins":"enable","ocean_add_body_class":"","ocean_shortcode_before_top_bar":"","ocean_shortcode_after_top_bar":"","ocean_shortcode_before_header":"","ocean_shortcode_after_header":"","ocean_has_shortcode":"","ocean_shortcode_after_title":"","ocean_shortcode_before_footer_widgets":"","ocean_shortcode_after_footer_widgets":"","ocean_shortcode_before_footer_bottom":"","ocean_shortcode_after_footer_bottom":"","ocean_display_top_bar":"default","ocean_display_header":"default","ocean_header_style":"","ocean_center_header_left_menu":"0","ocean_custom_header_template":"0","ocean_custom_logo":0,"ocean_custom_retina_logo":0,"ocean_custom_logo_max_width":0,"ocean_custom_logo_tablet_max_width":0,"ocean_custom_logo_mobile_max_width":0,"ocean_custom_logo_max_height":0,"ocean_custom_logo_tablet_max_height":0,"ocean_custom_logo_mobile_max_height":0,"ocean_header_custom_menu":"0","ocean_menu_typo_font_family":"0","ocean_menu_typo_font_subset":"","ocean_menu_typo_font_size":0,"ocean_menu_typo_font_size_tablet":0,"ocean_menu_typo_font_size_mobile":0,"ocean_menu_typo_font_size_unit":"px","ocean_menu_typo_font_weight":"","ocean_menu_typo_font_weight_tablet":"","ocean_menu_typo_font_weight_mobile":"","ocean_menu_typo_transform":"","ocean_menu_typo_transform_tablet":"","ocean_menu_typo_transform_mobile":"","ocean_menu_typo_line_height":0,"ocean_menu_typo_line_height_tablet":0,"ocean_menu_typo_line_height_mobile":0,"ocean_menu_typo_line_height_unit":"","ocean_menu_typo_spacing":0,"ocean_menu_typo_spacing_tablet":0,"ocean_menu_typo_spacing_mobile":0,"ocean_menu_typo_spacing_unit":"","ocean_menu_link_color":"","ocean_menu_link_color_hover":"","ocean_menu_link_color_active":"","ocean_menu_link_background":"","ocean_menu_link_hover_background":"","ocean_menu_link_active_background":"","ocean_menu_social_links_bg":"","ocean_menu_social_hover_links_bg":"","ocean_menu_social_links_color":"","ocean_menu_social_hover_links_color":"","ocean_disable_title":"default","ocean_disable_heading":"default","ocean_post_title":"","ocean_post_subheading":"","ocean_post_title_style":"background-image","ocean_post_title_background_color":"","ocean_post_title_background":18507,"ocean_post_title_bg_image_position":"","ocean_post_title_bg_image_attachment":"","ocean_post_title_bg_image_repeat":"","ocean_post_title_bg_image_size":"","ocean_post_title_height":0,"ocean_post_title_bg_overlay":0.5,"ocean_post_title_bg_overlay_color":"","ocean_disable_breadcrumbs":"default","ocean_breadcrumbs_color":"","ocean_breadcrumbs_separator_color":"","ocean_breadcrumbs_links_color":"","ocean_breadcrumbs_links_hover_color":"","ocean_display_footer_widgets":"default","ocean_display_footer_bottom":"default","ocean_custom_footer_template":"0","ocean_post_oembed":"","ocean_post_self_hosted_media":"","ocean_post_video_embed":"","ocean_link_format":"","ocean_link_format_target":"self","ocean_quote_format":"","ocean_quote_format_link":"post","ocean_gallery_link_images":"off","ocean_gallery_id":[],"footnotes":""},"categories":[33,26],"tags":[48,103,104,71,90,45,106,47,100,63,105,99,61,85,87,53,70,58],"class_list":["post-4037","post","type-post","status-publish","format-standard","has-post-thumbnail","hentry","category-peru","category-south-america","tag-activity","tag-birds","tag-canyon","tag-city","tag-city-walks","tag-hiking","tag-hot-springs","tag-landscapes","tag-oasis","tag-river","tag-thermal-baths","tag-tourist-sites","tag-tours","tag-trail","tag-trek","tag-trekking","tag-viewpoint","tag-wildlife","entry","has-media"],"_links":{"self":[{"href":"https:\/\/www.maldotravels.com\/es\/wp-json\/wp\/v2\/posts\/4037","targetHints":{"allow":["GET"]}}],"collection":[{"href":"https:\/\/www.maldotravels.com\/es\/wp-json\/wp\/v2\/posts"}],"about":[{"href":"https:\/\/www.maldotravels.com\/es\/wp-json\/wp\/v2\/types\/post"}],"author":[{"embeddable":true,"href":"https:\/\/www.maldotravels.com\/es\/wp-json\/wp\/v2\/users\/2"}],"replies":[{"embeddable":true,"href":"https:\/\/www.maldotravels.com\/es\/wp-json\/wp\/v2\/comments?post=4037"}],"version-history":[{"count":21,"href":"https:\/\/www.maldotravels.com\/es\/wp-json\/wp\/v2\/posts\/4037\/revisions"}],"predecessor-version":[{"id":28007,"href":"https:\/\/www.maldotravels.com\/es\/wp-json\/wp\/v2\/posts\/4037\/revisions\/28007"}],"wp:featuredmedia":[{"embeddable":true,"href":"https:\/\/www.maldotravels.com\/es\/wp-json\/wp\/v2\/media\/18506"}],"wp:attachment":[{"href":"https:\/\/www.maldotravels.com\/es\/wp-json\/wp\/v2\/media?parent=4037"}],"wp:term":[{"taxonomy":"category","embeddable":true,"href":"https:\/\/www.maldotravels.com\/es\/wp-json\/wp\/v2\/categories?post=4037"},{"taxonomy":"post_tag","embeddable":true,"href":"https:\/\/www.maldotravels.com\/es\/wp-json\/wp\/v2\/tags?post=4037"}],"curies":[{"name":"wp","href":"https:\/\/api.w.org\/{rel}","templated":true}]}}