{"id":3926,"date":"2018-09-09T20:22:00","date_gmt":"2018-09-09T20:22:00","guid":{"rendered":"http:\/\/54.211.235.180\/?p=3926"},"modified":"2022-04-28T20:39:56","modified_gmt":"2022-04-28T20:39:56","slug":"cusco-rainbow-mountain","status":"publish","type":"post","link":"https:\/\/www.maldotravels.com\/es\/south-america\/cusco-rainbow-mountain\/","title":{"rendered":"Cusco - La Monta\u00f1a de Siete Colores"},"content":{"rendered":"<div data-elementor-type=\"wp-post\" data-elementor-id=\"3926\" class=\"elementor elementor-3926\">\n\t\t\t\t\t\t<section class=\"elementor-section elementor-top-section elementor-element elementor-element-46f39e2 elementor-section-boxed elementor-section-height-default elementor-section-height-default\" data-id=\"46f39e2\" data-element_type=\"section\">\n\t\t\t\t\t\t<div class=\"elementor-container elementor-column-gap-default\">\n\t\t\t\t\t<div class=\"elementor-column elementor-col-100 elementor-top-column elementor-element elementor-element-10c3a81\" data-id=\"10c3a81\" data-element_type=\"column\">\n\t\t\t<div class=\"elementor-widget-wrap elementor-element-populated\">\n\t\t\t\t\t\t<div class=\"elementor-element elementor-element-013450a elementor-widget elementor-widget-text-editor\" data-id=\"013450a\" data-element_type=\"widget\" data-widget_type=\"text-editor.default\">\n\t\t\t\t<div class=\"elementor-widget-container\">\n\t\t\t\t\t\t\t\t\t<p>Este tour empieza en la madrugada a las 4 AM y la buseta nos recogi\u00f3 de nuestro hostal a las 4.15 AM. Como reci\u00e9n hab\u00edamos llegado de <a class=\"link--external\" href=\"http:\/\/54.211.235.180\/south-america\/machu-picchu\/\" target=\"_blank\" rel=\"noopener\" data-brz-link-type=\"external\">Machu Picchu<\/a> la noche anterior, est\u00e1bamos cansados y nos dormimos durante el viaje de 2 horas a la primera parada. En esta parada, desayunamos en la casa de una familia que ha convertido un \u00e1rea para servir desayunos y almuerzos a los turistas. Tuvimos que esperar unos minutos antes de que nos atiendan porque el grupo anterior estaba terminando. Despu\u00e9s de que nos sentaron en una mesa, nos sirvieron el desayuno tipo buffet entre nuestro grupo de unas 20 personas. Hace frio en la madrugada entonces hay que llevar ropa abrigada. En esta parada estamos a una altura similar a la de <a class=\"link--external\" href=\"https:\/\/goo.gl\/maps\/jsoB7dq5xoYYXEwZA\" target=\"_blank\" rel=\"noopener\" data-brz-link-type=\"external\">Cusco<\/a> entonces caminar puede ser un poco fatigoso. La caminata empieza a 4.850 metros entonces se pueden imaginar lo fatigoso que va a ser. En esta para tambi\u00e9n hay hojas de coca para hacer un t\u00e9 de coca que se conoce que ayuda con a altura. Les recomiendo tomar el t\u00e9 de coca y quiz\u00e1s tambi\u00e9n llevar unas hojas para masticar en la caminata.<\/p>\t\t\t\t\t\t\t\t<\/div>\n\t\t\t\t<\/div>\n\t\t\t\t\t<\/div>\n\t\t<\/div>\n\t\t\t\t\t<\/div>\n\t\t<\/section>\n\t\t\t\t<section class=\"elementor-section elementor-top-section elementor-element elementor-element-25998ef6 elementor-section-height-min-height elementor-section-boxed elementor-section-height-default elementor-section-items-middle\" data-id=\"25998ef6\" data-element_type=\"section\" data-settings=\"{&quot;background_background&quot;:&quot;classic&quot;}\">\n\t\t\t\t\t\t<div class=\"elementor-container elementor-column-gap-default\">\n\t\t\t\t\t<div class=\"elementor-column elementor-col-100 elementor-top-column elementor-element elementor-element-60517f00\" data-id=\"60517f00\" data-element_type=\"column\">\n\t\t\t<div class=\"elementor-widget-wrap\">\n\t\t\t\t\t\t\t<\/div>\n\t\t<\/div>\n\t\t\t\t\t<\/div>\n\t\t<\/section>\n\t\t\t\t<section class=\"elementor-section elementor-top-section elementor-element elementor-element-f745ba8 elementor-section-boxed elementor-section-height-default elementor-section-height-default\" data-id=\"f745ba8\" data-element_type=\"section\">\n\t\t\t\t\t\t<div class=\"elementor-container elementor-column-gap-default\">\n\t\t\t\t\t<div class=\"elementor-column elementor-col-100 elementor-top-column elementor-element elementor-element-b607952\" data-id=\"b607952\" data-element_type=\"column\">\n\t\t\t<div class=\"elementor-widget-wrap elementor-element-populated\">\n\t\t\t\t\t\t<div class=\"elementor-element elementor-element-6913d25 elementor-widget elementor-widget-text-editor\" data-id=\"6913d25\" data-element_type=\"widget\" data-widget_type=\"text-editor.default\">\n\t\t\t\t<div class=\"elementor-widget-container\">\n\t\t\t\t\t\t\t\t\t<p>Una vez que acabamos de desayunar, nos subimos a la buseta y viajamos 1-hora y 30-minutos para ir al punto de inicio de la caminata. Llegamos al <a class=\"link--external\" href=\"https:\/\/goo.gl\/maps\/kGKZHvog6SgcoSTTA\" target=\"_blank\" rel=\"noopener\" data-brz-link-type=\"external\">parqueadero<\/a> justo antes de las 9 AM. El gu\u00eda nos dio una historia del sitio; nos cont\u00f3 que antes de que el gobierno lo declaro un sitio protegido, las monta\u00f1as hab\u00edan sabido explotadas por los minerales. Luego alrededor del a\u00f1o 2015, fue popularizado gracias a publicaciones en las redes sociales. Entonces en el \u00e1rea de Cusco, es una atracci\u00f3n nueva. Luego el gu\u00eda nos dijo mas o menos cuanto nos tardar\u00edamos en completar la caminata y nos dijo que estar\u00edamos de regresando a las 11.30 AM. Nosotros completamos la caminata en 1-hora y 15-minutos. En el camino, vimos varias vicu\u00f1as que son parecidas a las llamas\/alpacas. El paisaje fue de monta\u00f1as nevadas y tambi\u00e9n hab\u00eda nieve\/hielo por el camino del sendero.<\/p>\t\t\t\t\t\t\t\t<\/div>\n\t\t\t\t<\/div>\n\t\t\t\t<div class=\"elementor-element elementor-element-37deacd elementor-widget elementor-widget-shortcode\" data-id=\"37deacd\" data-element_type=\"widget\" data-widget_type=\"shortcode.default\">\n\t\t\t\t<div class=\"elementor-widget-container\">\n\t\t\t\t\t\t\t<div class=\"elementor-shortcode\"><\/div>\n\t\t\t\t\t\t<\/div>\n\t\t\t\t<\/div>\n\t\t\t\t<div class=\"elementor-element elementor-element-86dbd35 elementor-widget elementor-widget-text-editor\" data-id=\"86dbd35\" data-element_type=\"widget\" data-widget_type=\"text-editor.default\">\n\t\t\t\t<div class=\"elementor-widget-container\">\n\t\t\t\t\t\t\t\t\t<p>Cuando llegamos a la cima alrededor de las 10.15 AM, ya hab\u00eda un grupo grande de turistas. Como la nieve ya se estaba diluyendo, la mayor parte del camino estaba mojado, pero encontramos una roca seca para descansar y comer unos snacks. De ah\u00ed subimos un poco mas para tomar unas fotos de la monta\u00f1a y el paisaje del alrededor. En el sol de medio d\u00eda, el clima estaba m\u00e1s caliente pero todav\u00eda lo suficiente frio para necesitar un saco. Cuando llegamos, hab\u00eda bastante nieve en un lado de la monta\u00f1a, entonces las mejores fotos de la monta\u00f1a se pod\u00edan capturar por el medio d\u00eda cuando se diluyo la mayor parte de la nieve. A las 11.30 AM, empezamos la caminata de regreso al parqueadero. Nos hicimos alrededor de 1 hora de regreso y en esta jornada me cogi\u00f3 la altura, entonces las hojas de coca que hab\u00eda llevado me resultaron \u00fatil.<\/p>\t\t\t\t\t\t\t\t<\/div>\n\t\t\t\t<\/div>\n\t\t\t\t<div class=\"elementor-element elementor-element-b35a0e1 elementor-widget elementor-widget-shortcode\" data-id=\"b35a0e1\" data-element_type=\"widget\" data-widget_type=\"shortcode.default\">\n\t\t\t\t<div class=\"elementor-widget-container\">\n\t\t\t\t\t\t\t<div class=\"elementor-shortcode\"><\/div>\n\t\t\t\t\t\t<\/div>\n\t\t\t\t<\/div>\n\t\t\t\t<div class=\"elementor-element elementor-element-365ba70 elementor-widget elementor-widget-text-editor\" data-id=\"365ba70\" data-element_type=\"widget\" data-widget_type=\"text-editor.default\">\n\t\t\t\t<div class=\"elementor-widget-container\">\n\t\t\t\t\t\t\t\t\t<p>Despu\u00e9s de que llego todo el grupo, nos subimos a la buseta y nos hicimos 1 hora y 30 minutos a la parada para el almuerzo. Nos sirvieron un almuerzo con sopa y segundo. De todos los restaurantes tur\u00edsticos que he ido, en este lugar nos sirvieron comida t\u00edpica y bien sabrosa. Despu\u00e9s de almorzar, nos subimos de nuevo a la buseta para regresar a Cusco. Llegamos a la ciudad alrededor de las 4.30 PM y el bus nos dejo a unas 2 cuadras de la <a class=\"link--external\" href=\"https:\/\/g.page\/Inkasworldperu?share\" target=\"_blank\" rel=\"noopener\" data-brz-link-type=\"external\">Plaza de Armas<\/a>.<\/p>\t\t\t\t\t\t\t\t<\/div>\n\t\t\t\t<\/div>\n\t\t\t\t\t<\/div>\n\t\t<\/div>\n\t\t\t\t\t<\/div>\n\t\t<\/section>\n\t\t\t\t<\/div>","protected":false},"excerpt":{"rendered":"<p>Con una altura de m\u00e1s de 5.000 metros sobre el nivel del mar, la caminata a la cima es fatigante debido a la altura. Sin embargo, el paseo vale la pena para observar los hermosos colores de la monta\u00f1a.<\/p>","protected":false},"author":2,"featured_media":18538,"comment_status":"open","ping_status":"open","sticky":false,"template":"","format":"standard","meta":{"ocean_post_layout":"","ocean_both_sidebars_style":"","ocean_both_sidebars_content_width":0,"ocean_both_sidebars_sidebars_width":0,"ocean_sidebar":"0","ocean_second_sidebar":"0","ocean_disable_margins":"enable","ocean_add_body_class":"","ocean_shortcode_before_top_bar":"","ocean_shortcode_after_top_bar":"","ocean_shortcode_before_header":"","ocean_shortcode_after_header":"","ocean_has_shortcode":"","ocean_shortcode_after_title":"","ocean_shortcode_before_footer_widgets":"","ocean_shortcode_after_footer_widgets":"","ocean_shortcode_before_footer_bottom":"","ocean_shortcode_after_footer_bottom":"","ocean_display_top_bar":"default","ocean_display_header":"default","ocean_header_style":"","ocean_center_header_left_menu":"0","ocean_custom_header_template":"0","ocean_custom_logo":0,"ocean_custom_retina_logo":0,"ocean_custom_logo_max_width":0,"ocean_custom_logo_tablet_max_width":0,"ocean_custom_logo_mobile_max_width":0,"ocean_custom_logo_max_height":0,"ocean_custom_logo_tablet_max_height":0,"ocean_custom_logo_mobile_max_height":0,"ocean_header_custom_menu":"0","ocean_menu_typo_font_family":"0","ocean_menu_typo_font_subset":"","ocean_menu_typo_font_size":0,"ocean_menu_typo_font_size_tablet":0,"ocean_menu_typo_font_size_mobile":0,"ocean_menu_typo_font_size_unit":"px","ocean_menu_typo_font_weight":"","ocean_menu_typo_font_weight_tablet":"","ocean_menu_typo_font_weight_mobile":"","ocean_menu_typo_transform":"","ocean_menu_typo_transform_tablet":"","ocean_menu_typo_transform_mobile":"","ocean_menu_typo_line_height":0,"ocean_menu_typo_line_height_tablet":0,"ocean_menu_typo_line_height_mobile":0,"ocean_menu_typo_line_height_unit":"","ocean_menu_typo_spacing":0,"ocean_menu_typo_spacing_tablet":0,"ocean_menu_typo_spacing_mobile":0,"ocean_menu_typo_spacing_unit":"","ocean_menu_link_color":"","ocean_menu_link_color_hover":"","ocean_menu_link_color_active":"","ocean_menu_link_background":"","ocean_menu_link_hover_background":"","ocean_menu_link_active_background":"","ocean_menu_social_links_bg":"","ocean_menu_social_hover_links_bg":"","ocean_menu_social_links_color":"","ocean_menu_social_hover_links_color":"","ocean_disable_title":"default","ocean_disable_heading":"default","ocean_post_title":"","ocean_post_subheading":"","ocean_post_title_style":"background-image","ocean_post_title_background_color":"","ocean_post_title_background":18539,"ocean_post_title_bg_image_position":"","ocean_post_title_bg_image_attachment":"","ocean_post_title_bg_image_repeat":"","ocean_post_title_bg_image_size":"","ocean_post_title_height":0,"ocean_post_title_bg_overlay":0.5,"ocean_post_title_bg_overlay_color":"","ocean_disable_breadcrumbs":"default","ocean_breadcrumbs_color":"","ocean_breadcrumbs_separator_color":"","ocean_breadcrumbs_links_color":"","ocean_breadcrumbs_links_hover_color":"","ocean_display_footer_widgets":"default","ocean_display_footer_bottom":"default","ocean_custom_footer_template":"0","ocean_post_oembed":"","ocean_post_self_hosted_media":"","ocean_post_video_embed":"","ocean_link_format":"","ocean_link_format_target":"self","ocean_quote_format":"","ocean_quote_format_link":"post","ocean_gallery_link_images":"off","ocean_gallery_id":[],"footnotes":""},"categories":[33,26],"tags":[48,86,45,47,44,99,61,85,87,53],"class_list":["post-3926","post","type-post","status-publish","format-standard","has-post-thumbnail","hentry","category-peru","category-south-america","tag-activity","tag-day-trip","tag-hiking","tag-landscapes","tag-mountain","tag-tourist-sites","tag-tours","tag-trail","tag-trek","tag-trekking","entry","has-media"],"_links":{"self":[{"href":"https:\/\/www.maldotravels.com\/es\/wp-json\/wp\/v2\/posts\/3926","targetHints":{"allow":["GET"]}}],"collection":[{"href":"https:\/\/www.maldotravels.com\/es\/wp-json\/wp\/v2\/posts"}],"about":[{"href":"https:\/\/www.maldotravels.com\/es\/wp-json\/wp\/v2\/types\/post"}],"author":[{"embeddable":true,"href":"https:\/\/www.maldotravels.com\/es\/wp-json\/wp\/v2\/users\/2"}],"replies":[{"embeddable":true,"href":"https:\/\/www.maldotravels.com\/es\/wp-json\/wp\/v2\/comments?post=3926"}],"version-history":[{"count":33,"href":"https:\/\/www.maldotravels.com\/es\/wp-json\/wp\/v2\/posts\/3926\/revisions"}],"predecessor-version":[{"id":28011,"href":"https:\/\/www.maldotravels.com\/es\/wp-json\/wp\/v2\/posts\/3926\/revisions\/28011"}],"wp:featuredmedia":[{"embeddable":true,"href":"https:\/\/www.maldotravels.com\/es\/wp-json\/wp\/v2\/media\/18538"}],"wp:attachment":[{"href":"https:\/\/www.maldotravels.com\/es\/wp-json\/wp\/v2\/media?parent=3926"}],"wp:term":[{"taxonomy":"category","embeddable":true,"href":"https:\/\/www.maldotravels.com\/es\/wp-json\/wp\/v2\/categories?post=3926"},{"taxonomy":"post_tag","embeddable":true,"href":"https:\/\/www.maldotravels.com\/es\/wp-json\/wp\/v2\/tags?post=3926"}],"curies":[{"name":"wp","href":"https:\/\/api.w.org\/{rel}","templated":true}]}}