{"id":27016,"date":"2021-01-06T08:47:00","date_gmt":"2021-01-06T08:47:00","guid":{"rendered":"http:\/\/54.211.235.180\/?p=27016"},"modified":"2022-04-24T16:59:11","modified_gmt":"2022-04-24T16:59:11","slug":"cunuyacu-waterfall-and-hot-spring","status":"publish","type":"post","link":"https:\/\/www.maldotravels.com\/es\/south-america\/cunuyacu-waterfall-and-hot-spring\/","title":{"rendered":"Cunuyacu \u2013 Cascada y Termas"},"content":{"rendered":"<div data-elementor-type=\"wp-post\" data-elementor-id=\"27016\" class=\"elementor elementor-27016\">\n\t\t\t\t\t\t<section class=\"elementor-section elementor-top-section elementor-element elementor-element-51df4e49 elementor-section-boxed elementor-section-height-default elementor-section-height-default\" data-id=\"51df4e49\" data-element_type=\"section\">\n\t\t\t\t\t\t<div class=\"elementor-container elementor-column-gap-default\">\n\t\t\t\t\t<div class=\"elementor-column elementor-col-100 elementor-top-column elementor-element elementor-element-4e342046\" data-id=\"4e342046\" data-element_type=\"column\">\n\t\t\t<div class=\"elementor-widget-wrap elementor-element-populated\">\n\t\t\t\t\t\t<div class=\"elementor-element elementor-element-f5f9359 elementor-widget elementor-widget-text-editor\" data-id=\"f5f9359\" data-element_type=\"widget\" data-widget_type=\"text-editor.default\">\n\t\t\t\t<div class=\"elementor-widget-container\">\n\t\t\t\t\t\t\t\t\t<div class=\"brz-css-ulufw brz-css-cpqqd brz-wrapper\" style=\"box-sizing: border-box; margin: 0px; padding: 0px; border: 0px; outline: 0px; font-variant-ligatures: normal; font-variant-caps: normal; font-variant-numeric: inherit; font-variant-east-asian: inherit; font-stretch: inherit; line-height: inherit; vertical-align: baseline; font-family: Quicksand, sans-serif; font-size: 18px; font-style: normal; font-weight: 400; color: #001a1c; letter-spacing: -0.5px; orphans: 2; text-align: start; text-indent: 0px; text-transform: none; white-space: normal; widows: 2; word-spacing: 0px; -webkit-text-stroke-width: 0px; background-color: #ffffff; text-decoration-thickness: initial; text-decoration-style: initial; text-decoration-color: initial;\">\u00a0<\/div><div class=\"brz-css-ulufw brz-css-bdger brz-wrapper\" style=\"box-sizing: border-box; margin: 0px; padding: 0px; border: 0px; outline: 0px; font-variant-ligatures: normal; font-variant-caps: normal; font-variant-numeric: inherit; font-variant-east-asian: inherit; font-stretch: inherit; line-height: inherit; vertical-align: baseline; font-family: Quicksand, sans-serif; font-size: 18px; font-style: normal; font-weight: 400; color: #001a1c; letter-spacing: -0.5px; orphans: 2; text-align: start; text-indent: 0px; text-transform: none; white-space: normal; widows: 2; word-spacing: 0px; -webkit-text-stroke-width: 0px; background-color: #ffffff; text-decoration-thickness: initial; text-decoration-style: initial; text-decoration-color: initial;\"><div class=\"brz-rich-text brz-rich-text__custom brz-css-lrdlp\" style=\"box-sizing: border-box; margin: 0px; padding: 0px; border: 0px; outline: 0px; font-variant: inherit; font-stretch: inherit; line-height: inherit; vertical-align: baseline; font-family: inherit; font-size: 18px; font-style: inherit; font-weight: inherit;\" data-custom-id=\"yrrnrijbke\"><div style=\"box-sizing: border-box; margin: 0px; padding: 0px; border: 0px; outline: 0px; font-variant: inherit; font-stretch: inherit; line-height: inherit; vertical-align: baseline; font-family: inherit; font-size: 18px; font-style: inherit; font-weight: inherit;\"><p class=\"brz-css-kwdfp\" style=\"box-sizing: border-box; overflow-wrap: break-word; margin: 1.5em auto; padding: 0px 20px; border: 0px; outline: 0px; font-variant: inherit; font-stretch: inherit; line-height: inherit; vertical-align: baseline; font-family: inherit; font-size: 18px; font-style: inherit; font-weight: inherit; max-width: 900px;\" data-uniq-id=\"mbras\" data-generated-css=\"brz-css-wpmvn\">Ubicado en las faldas de las monta\u00f1as volc\u00e1nicas gemelas\u00a0<a class=\"link--external\" style=\"box-sizing: border-box; margin: 0px; padding: 0px; border: 0px; outline: 0px; font-variant: inherit; font-stretch: inherit; line-height: inherit; vertical-align: baseline; font-family: inherit; font-size: 18px; font-style: inherit; font-weight: inherit; background-color: transparent; color: #78a85d; text-decoration: none; transition: all 0.3s ease 0s; box-shadow: none;\" href=\"http:\/\/54.211.235.180\/south-america\/los-illinizas-hiking-in-volcano-avenue\/\" target=\"_blank\" rel=\"noopener\" data-brz-link-type=\"external\">Los Ilinizas<\/a>, la cascada y termas de\u00a0<a class=\"link--external\" style=\"box-sizing: border-box; margin: 0px; padding: 0px; border: 0px; outline: 0px; font-variant: inherit; font-stretch: inherit; line-height: inherit; vertical-align: baseline; font-family: inherit; font-size: 18px; font-style: inherit; font-weight: inherit; background-color: transparent; color: #78a85d; text-decoration: none; transition: all 0.3s ease 0s; box-shadow: none;\" href=\"https:\/\/goo.gl\/maps\/2YuF96KsaVBKeLng6\" target=\"_blank\" rel=\"noopener\" data-brz-link-type=\"external\">Cunuyacu<\/a>\u00a0est\u00e1n a unas 2 horas en carro saliendo desde\u00a0<a class=\"link--external\" style=\"box-sizing: border-box; margin: 0px; padding: 0px; border: 0px; outline: 0px; font-variant: inherit; font-stretch: inherit; line-height: inherit; vertical-align: baseline; font-family: inherit; font-size: 18px; font-style: inherit; font-weight: inherit; background-color: transparent; color: #78a85d; text-decoration: none; transition: all 0.3s ease 0s; box-shadow: none;\" href=\"https:\/\/goo.gl\/maps\/o2FaeBw3xZ53aNrW6\" target=\"_blank\" rel=\"noopener\" data-brz-link-type=\"external\">Quito<\/a>. Estos destinos son poco conocidos para turismo y un poco apartado de las calles principales. Para llegar, primero hay que llegar a la Reserva Ecol\u00f3gica que se puede entrar por una calle de tierra en\u00a0<a class=\"link--external\" style=\"box-sizing: border-box; margin: 0px; padding: 0px; border: 0px; outline: 0px; font-variant: inherit; font-stretch: inherit; line-height: inherit; vertical-align: baseline; font-family: inherit; font-size: 18px; font-style: inherit; font-weight: inherit; background-color: transparent; color: #78a85d; text-decoration: none; transition: all 0.3s ease 0s; box-shadow: none;\" href=\"https:\/\/goo.gl\/maps\/rxJ9zE973puMdAap6\" target=\"_blank\" rel=\"noopener\" data-brz-link-type=\"external\">San Juan de Pastocalle<\/a>\u00a0despu\u00e9s de salir de la\u00a0<a class=\"link--external\" style=\"box-sizing: border-box; margin: 0px; padding: 0px; border: 0px; outline: 0px; font-variant: inherit; font-stretch: inherit; line-height: inherit; vertical-align: baseline; font-family: inherit; font-size: 18px; font-style: inherit; font-weight: inherit; background-color: transparent; color: #78a85d; text-decoration: none; transition: all 0.3s ease 0s; box-shadow: none;\" href=\"https:\/\/goo.gl\/maps\/NDKR9ujbTvvACSzK8\" target=\"_blank\" rel=\"noopener\" data-brz-link-type=\"external\">carretera Panamericana<\/a>. Hay un letrero tur\u00edstico grande a la entrada de la calle que no te lo puedes perder. El d\u00eda anterior hab\u00eda llovido entonces la calle estaba un poco enlodada. Fuimos en un carro grande tipo SUV y logramos atravesar la mayor parte sin problemas. Solo hubo una parte donde hab\u00eda una roca grande donde los pasajeros nos bajamos para que puede subir el carro.<\/p><\/div><\/div><\/div>\t\t\t\t\t\t\t\t<\/div>\n\t\t\t\t<\/div>\n\t\t\t\t<div class=\"elementor-element elementor-element-f58177b elementor-widget elementor-widget-shortcode\" data-id=\"f58177b\" data-element_type=\"widget\" data-widget_type=\"shortcode.default\">\n\t\t\t\t<div class=\"elementor-widget-container\">\n\t\t\t\t\t\t\t<div class=\"elementor-shortcode\"><\/div>\n\t\t\t\t\t\t<\/div>\n\t\t\t\t<\/div>\n\t\t\t\t<div class=\"elementor-element elementor-element-6342348 elementor-widget elementor-widget-text-editor\" data-id=\"6342348\" data-element_type=\"widget\" data-widget_type=\"text-editor.default\">\n\t\t\t\t<div class=\"elementor-widget-container\">\n\t\t\t\t\t\t\t\t\t<p>Llegamos al parqueadero alrededor de las 7.30 AM, y aunque pod\u00edamos seguir por la calle, decidimos dejar los carros ah\u00ed porque la calle no mejoraba. De ah\u00ed empezamos la caminata, y despu\u00e9s de unos minutos, llegamos a la entrada que tenia un rotulo de bienvenido. Aqu\u00ed la calle estaba cerra para los veh\u00edculos. Tambi\u00e9n hay una casa aqu\u00ed y yo hab\u00eda le\u00eddo anteriormente que hay alguien que vive en la zona quien ofrece transporte. Sin embargo llegamos bien temprano y parec\u00eda que nadie estaba ah\u00ed, entonces cruzamos la barrera y continuamos la caminata. A partir de este punto, la calle empeoro y hab\u00eda huecos grandes y rocas. Solo un veh\u00edculo tipo 4x4 hubiese podido subir, pero para una caminata, la calle estuvo bien. Tardamos alrededor de 1 hora en llegar a un mirador donde empieza el sendero.<\/p>\t\t\t\t\t\t\t\t<\/div>\n\t\t\t\t<\/div>\n\t\t\t\t<div class=\"elementor-element elementor-element-7dca8e0 elementor-widget elementor-widget-shortcode\" data-id=\"7dca8e0\" data-element_type=\"widget\" data-widget_type=\"shortcode.default\">\n\t\t\t\t<div class=\"elementor-widget-container\">\n\t\t\t\t\t\t\t<div class=\"elementor-shortcode\"><\/div>\n\t\t\t\t\t\t<\/div>\n\t\t\t\t<\/div>\n\t\t\t\t<div class=\"elementor-element elementor-element-c403c2c elementor-widget elementor-widget-text-editor\" data-id=\"c403c2c\" data-element_type=\"widget\" data-widget_type=\"text-editor.default\">\n\t\t\t\t<div class=\"elementor-widget-container\">\n\t\t\t\t\t\t\t\t\t<p>El sendero primero baja al r\u00edo donde hay un peque\u00f1o puente de madera. El camino estaba bien enlodado entonces hay que bajar con cuidado porque hay partes que son bien resbalosas. Despu\u00e9s de cruzar el puente, el sendero se divide en 2 donde una ruta va a la cascada y la otra va a las termas. El sendero esta bien se\u00f1alizado entonces es f\u00e1cil seguir las rutas sin perderte. Primero seguimos la ruta para la cascada y llegamos en unos 10 minutos. La cascada no es muy grande, pero lo que resalta es su color rojo\/naranja. El color es debido a los minerales volc\u00e1nicos que han pintado las rocas de color rojo. El color del agua es cristalina y no tiene el mal olor que normalmente producen los minerales volc\u00e1nicos. Logramos acercarnos a la cascada para tomar unas gran fotos. Para acercarte a la cascada hay que cruzar el riachuelo donde hay unas rocas resbalosas. Es buena idea llevar zapatos o botas de agua pero no necesario. Fuimos las \u00fanicas personas en la cascada y tampoco nos cruzamos con otros grupos. Pasamos unos 20 minutos tomando fotos antes de continuar a las termas.<\/p>\t\t\t\t\t\t\t\t<\/div>\n\t\t\t\t<\/div>\n\t\t\t\t<div class=\"elementor-element elementor-element-aae4dca elementor-widget elementor-widget-shortcode\" data-id=\"aae4dca\" data-element_type=\"widget\" data-widget_type=\"shortcode.default\">\n\t\t\t\t<div class=\"elementor-widget-container\">\n\t\t\t\t\t\t\t<div class=\"elementor-shortcode\"><\/div>\n\t\t\t\t\t\t<\/div>\n\t\t\t\t<\/div>\n\t\t\t\t<div class=\"elementor-element elementor-element-ce95f46 elementor-widget elementor-widget-text-editor\" data-id=\"ce95f46\" data-element_type=\"widget\" data-widget_type=\"text-editor.default\">\n\t\t\t\t<div class=\"elementor-widget-container\">\n\t\t\t\t\t\t\t\t\t<p>Primero regresamos por el sendero hasta regresar al puente de madera. De ah\u00ed seguimos la otra ruta se\u00f1alizada para llegar a las termas. En el camino pasamos por un bosque m\u00edstico de arboles Polylepis. En Ecuador se les conoce como el \u00c1rbol de Papel debido a su apariencia de que se esta pelando como hojas de papel. Este sendero es un poco m\u00e1s largo y llegamos a las termas despu\u00e9s de unos 20 minutos. Una vez m\u00e1s fuimos las \u00fanicas personas ah\u00ed y ten\u00edamos todos el lugar para nosotros. Las termas es solo una peque\u00f1a piscina natural donde han puesto sacos de arena para contener el agua. La temperatura del agua es tibia, no caliente, pero es m\u00e1s refrescante despu\u00e9s de la caminata. Aqu\u00ed si se puede oler los minerales, pero el olor no es muy fuerte y es soportable. Lo destacado de este lugar es la vista porque la piscina es como un balc\u00f3n en la monta\u00f1a con la vista del paisaje. Mientras estuvimos ah\u00ed estaba nublado entonces no pudimos ver mucho del paisaje, pero fue un buen lugar para relajarse. Nos quedamos aqu\u00ed alrededor de una hora cuando empez\u00f3 a chispear, entonces decidimos bajar antes de que caiga un aguacero.<\/p>\t\t\t\t\t\t\t\t<\/div>\n\t\t\t\t<\/div>\n\t\t\t\t<div class=\"elementor-element elementor-element-655de28 elementor-widget elementor-widget-shortcode\" data-id=\"655de28\" data-element_type=\"widget\" data-widget_type=\"shortcode.default\">\n\t\t\t\t<div class=\"elementor-widget-container\">\n\t\t\t\t\t\t\t<div class=\"elementor-shortcode\"><\/div>\n\t\t\t\t\t\t<\/div>\n\t\t\t\t<\/div>\n\t\t\t\t<div class=\"elementor-element elementor-element-41ddd8e elementor-widget elementor-widget-text-editor\" data-id=\"41ddd8e\" data-element_type=\"widget\" data-widget_type=\"text-editor.default\">\n\t\t\t\t<div class=\"elementor-widget-container\">\n\t\t\t\t\t\t\t\t\t<p>Fue una experiencia incre\u00edble abundante de naturaleza y espectacular para un viaje de un d\u00eda desde la capital. La caminata en si fue ligera y solo un poco agotador debido a la altura de m\u00e1s de 4000 metros. Si vas un poco mas tarde en el d\u00eda, el servicio de transporte te ahorrar\u00eda la caminata de 1 hora inicial. Tambi\u00e9n fue bueno tener el lugar entero para nuestro grupo sin tener que lidiar con multitudes de turistas.<\/p>\t\t\t\t\t\t\t\t<\/div>\n\t\t\t\t<\/div>\n\t\t\t\t\t<\/div>\n\t\t<\/div>\n\t\t\t\t\t<\/div>\n\t\t<\/section>\n\t\t\t\t<\/div>","protected":false},"excerpt":{"rendered":"<p>Sal en una caminata por uno de los senderos de la Reserva Ecol\u00f3gica Los Ilinizas para visitar una cascada \u00fanica de color rojo donde puedes tomar unas fotos espectaculares. Luego se puede continua a unas termas tomar un descanso en el agua refrescante.<\/p>","protected":false},"author":2,"featured_media":27017,"comment_status":"open","ping_status":"open","sticky":false,"template":"","format":"standard","meta":{"ocean_post_layout":"","ocean_both_sidebars_style":"","ocean_both_sidebars_content_width":0,"ocean_both_sidebars_sidebars_width":0,"ocean_sidebar":"0","ocean_second_sidebar":"0","ocean_disable_margins":"enable","ocean_add_body_class":"","ocean_shortcode_before_top_bar":"","ocean_shortcode_after_top_bar":"","ocean_shortcode_before_header":"","ocean_shortcode_after_header":"","ocean_has_shortcode":"","ocean_shortcode_after_title":"","ocean_shortcode_before_footer_widgets":"","ocean_shortcode_after_footer_widgets":"","ocean_shortcode_before_footer_bottom":"","ocean_shortcode_after_footer_bottom":"","ocean_display_top_bar":"default","ocean_display_header":"default","ocean_header_style":"","ocean_center_header_left_menu":"0","ocean_custom_header_template":"0","ocean_custom_logo":0,"ocean_custom_retina_logo":0,"ocean_custom_logo_max_width":0,"ocean_custom_logo_tablet_max_width":0,"ocean_custom_logo_mobile_max_width":0,"ocean_custom_logo_max_height":0,"ocean_custom_logo_tablet_max_height":0,"ocean_custom_logo_mobile_max_height":0,"ocean_header_custom_menu":"0","ocean_menu_typo_font_family":"0","ocean_menu_typo_font_subset":"","ocean_menu_typo_font_size":0,"ocean_menu_typo_font_size_tablet":0,"ocean_menu_typo_font_size_mobile":0,"ocean_menu_typo_font_size_unit":"px","ocean_menu_typo_font_weight":"","ocean_menu_typo_font_weight_tablet":"","ocean_menu_typo_font_weight_mobile":"","ocean_menu_typo_transform":"","ocean_menu_typo_transform_tablet":"","ocean_menu_typo_transform_mobile":"","ocean_menu_typo_line_height":0,"ocean_menu_typo_line_height_tablet":0,"ocean_menu_typo_line_height_mobile":0,"ocean_menu_typo_line_height_unit":"","ocean_menu_typo_spacing":0,"ocean_menu_typo_spacing_tablet":0,"ocean_menu_typo_spacing_mobile":0,"ocean_menu_typo_spacing_unit":"","ocean_menu_link_color":"","ocean_menu_link_color_hover":"","ocean_menu_link_color_active":"","ocean_menu_link_background":"","ocean_menu_link_hover_background":"","ocean_menu_link_active_background":"","ocean_menu_social_links_bg":"","ocean_menu_social_hover_links_bg":"","ocean_menu_social_links_color":"","ocean_menu_social_hover_links_color":"","ocean_disable_title":"default","ocean_disable_heading":"default","ocean_post_title":"","ocean_post_subheading":"","ocean_post_title_style":"background-image","ocean_post_title_background_color":"","ocean_post_title_background":27018,"ocean_post_title_bg_image_position":"center center","ocean_post_title_bg_image_attachment":"","ocean_post_title_bg_image_repeat":"","ocean_post_title_bg_image_size":"cover","ocean_post_title_height":524,"ocean_post_title_bg_overlay":0.5,"ocean_post_title_bg_overlay_color":"","ocean_disable_breadcrumbs":"default","ocean_breadcrumbs_color":"","ocean_breadcrumbs_separator_color":"","ocean_breadcrumbs_links_color":"","ocean_breadcrumbs_links_hover_color":"","ocean_display_footer_widgets":"default","ocean_display_footer_bottom":"default","ocean_custom_footer_template":"0","ocean_post_oembed":"","ocean_post_self_hosted_media":"","ocean_post_video_embed":"","ocean_link_format":"","ocean_link_format_target":"self","ocean_quote_format":"","ocean_quote_format_link":"post","ocean_gallery_link_images":"off","ocean_gallery_id":[],"footnotes":""},"categories":[32,26],"tags":[56,86,45,106,47,44,123,76,124,261,148,63,85,70,154],"class_list":["post-27016","post","type-post","status-publish","format-standard","has-post-thumbnail","hentry","category-ecuador","category-south-america","tag-adventure","tag-day-trip","tag-hiking","tag-hot-springs","tag-landscapes","tag-mountain","tag-national-park","tag-nature","tag-nature-reserve","tag-off-the-beaten-path","tag-relaxing","tag-river","tag-trail","tag-viewpoint","tag-waterfall","entry","has-media"],"_links":{"self":[{"href":"https:\/\/www.maldotravels.com\/es\/wp-json\/wp\/v2\/posts\/27016","targetHints":{"allow":["GET"]}}],"collection":[{"href":"https:\/\/www.maldotravels.com\/es\/wp-json\/wp\/v2\/posts"}],"about":[{"href":"https:\/\/www.maldotravels.com\/es\/wp-json\/wp\/v2\/types\/post"}],"author":[{"embeddable":true,"href":"https:\/\/www.maldotravels.com\/es\/wp-json\/wp\/v2\/users\/2"}],"replies":[{"embeddable":true,"href":"https:\/\/www.maldotravels.com\/es\/wp-json\/wp\/v2\/comments?post=27016"}],"version-history":[{"count":24,"href":"https:\/\/www.maldotravels.com\/es\/wp-json\/wp\/v2\/posts\/27016\/revisions"}],"predecessor-version":[{"id":27630,"href":"https:\/\/www.maldotravels.com\/es\/wp-json\/wp\/v2\/posts\/27016\/revisions\/27630"}],"wp:featuredmedia":[{"embeddable":true,"href":"https:\/\/www.maldotravels.com\/es\/wp-json\/wp\/v2\/media\/27017"}],"wp:attachment":[{"href":"https:\/\/www.maldotravels.com\/es\/wp-json\/wp\/v2\/media?parent=27016"}],"wp:term":[{"taxonomy":"category","embeddable":true,"href":"https:\/\/www.maldotravels.com\/es\/wp-json\/wp\/v2\/categories?post=27016"},{"taxonomy":"post_tag","embeddable":true,"href":"https:\/\/www.maldotravels.com\/es\/wp-json\/wp\/v2\/tags?post=27016"}],"curies":[{"name":"wp","href":"https:\/\/api.w.org\/{rel}","templated":true}]}}