{"id":26746,"date":"2020-09-05T14:26:00","date_gmt":"2020-09-05T14:26:00","guid":{"rendered":"http:\/\/54.211.235.180\/?p=26746"},"modified":"2022-04-25T22:10:11","modified_gmt":"2022-04-25T22:10:11","slug":"portugal-towns-mountains-and-lakes","status":"publish","type":"post","link":"https:\/\/www.maldotravels.com\/es\/europe\/portugal-towns-mountains-and-lakes\/","title":{"rendered":"Portugal - Pueblos, Monta\u00f1as Y Lagos"},"content":{"rendered":"<div data-elementor-type=\"wp-post\" data-elementor-id=\"26746\" class=\"elementor elementor-26746\">\n\t\t\t\t\t\t<section class=\"elementor-section elementor-top-section elementor-element elementor-element-a7e7618 elementor-section-boxed elementor-section-height-default elementor-section-height-default\" data-id=\"a7e7618\" data-element_type=\"section\">\n\t\t\t\t\t\t<div class=\"elementor-container elementor-column-gap-default\">\n\t\t\t\t\t<div class=\"elementor-column elementor-col-100 elementor-top-column elementor-element elementor-element-35d33c9\" data-id=\"35d33c9\" data-element_type=\"column\">\n\t\t\t<div class=\"elementor-widget-wrap elementor-element-populated\">\n\t\t\t\t\t\t<div class=\"elementor-element elementor-element-d5de0a8 elementor-widget elementor-widget-text-editor\" data-id=\"d5de0a8\" data-element_type=\"widget\" data-widget_type=\"text-editor.default\">\n\t\t\t\t<div class=\"elementor-widget-container\">\n\t\t\t\t\t\t\t\t\t<section id=\"stjbwypvkb\" class=\"brz-section brz-css-bhftj\" style=\"box-sizing: border-box; margin: 0px; padding: 0px; border: 0px; outline: 0px; font-variant: inherit; font-stretch: inherit; line-height: inherit; vertical-align: baseline; font-family: inherit; font-size: 18px; font-style: inherit; font-weight: inherit; display: block;\" data-uid=\"stjbwypvkb\"><div class=\"brz-section__content brz-section--boxed brz-css-mdmdf brz-css-tktne\" style=\"box-sizing: border-box; margin: 0px; padding: 0px; border: 0px; outline: 0px; font-variant: inherit; font-stretch: inherit; line-height: inherit; vertical-align: baseline; font-family: inherit; font-size: 18px; font-style: inherit; font-weight: inherit;\" data-custom-id=\"fegadeivmh\"><div class=\"brz-container brz-css-wvbub brz-css-iqwtr\" style=\"box-sizing: border-box; margin: 0px; padding: 0px; border: 0px; outline: 0px; font-variant: inherit; font-stretch: inherit; line-height: inherit; vertical-align: baseline; font-family: inherit; font-size: 18px; font-style: inherit; font-weight: inherit;\"><div class=\"brz-css-jdasg brz-css-qvypr brz-wrapper\" style=\"box-sizing: border-box; margin: 0px; padding: 0px; border: 0px; outline: 0px; font-variant: inherit; font-stretch: inherit; line-height: inherit; vertical-align: baseline; font-family: inherit; font-size: 18px; font-style: inherit; font-weight: inherit;\"><div class=\"brz-rich-text brz-rich-text__custom brz-css-eifat\" style=\"box-sizing: border-box; margin: 0px; padding: 0px; border: 0px; outline: 0px; font-variant: inherit; font-stretch: inherit; line-height: inherit; vertical-align: baseline; font-family: inherit; font-size: 18px; font-style: inherit; font-weight: inherit;\" data-custom-id=\"yrrnrijbke\"><div style=\"box-sizing: border-box; margin: 0px; padding: 0px; border: 0px; outline: 0px; font-variant: inherit; font-stretch: inherit; line-height: inherit; vertical-align: baseline; font-family: inherit; font-size: 18px; font-style: inherit; font-weight: inherit;\"><p class=\"brz-css-wfzgj\" style=\"box-sizing: border-box; overflow-wrap: break-word; margin: 1.5em auto; padding: 0px 20px; border: 0px; outline: 0px; font-variant: inherit; font-stretch: inherit; line-height: inherit; vertical-align: baseline; font-family: inherit; font-size: 18px; font-style: inherit; font-weight: inherit; max-width: 900px;\" data-uniq-id=\"npzhr\" data-generated-css=\"brz-css-xipxr\">En nuestro viaje a Portugal, nos quedamos en la casa de la familia de un amigo en <a class=\"link--external\" style=\"box-sizing: border-box; margin: 0px; padding: 0px; border: 0px; outline: 0px; font-variant: inherit; font-stretch: inherit; line-height: inherit; vertical-align: baseline; font-family: inherit; font-size: 18px; font-style: inherit; font-weight: inherit; background-color: transparent; color: #78a85d; text-decoration: none; transition: all 0.3s ease 0s; box-shadow: none;\" href=\"https:\/\/goo.gl\/maps\/PcdtNmxxW5rDf1EM8\" target=\"_blank\" rel=\"noopener\" data-brz-link-type=\"external\">Canas de Senhorim<\/a>\u00a0que est\u00e1 ubicado a 1 hora y 45 minutos en carro saliendo de\u00a0<a class=\"link--external\" style=\"box-sizing: border-box; margin: 0px; padding: 0px; border: 0px; outline: 0px; font-variant: inherit; font-stretch: inherit; line-height: inherit; vertical-align: baseline; font-family: inherit; font-size: 18px; font-style: inherit; font-weight: inherit; background-color: transparent; color: #78a85d; text-decoration: none; transition: all 0.3s ease 0s; box-shadow: none;\" href=\"https:\/\/goo.gl\/maps\/qeVD3WmsPZGaRGed8\" target=\"_blank\" rel=\"noopener\" data-brz-link-type=\"external\">Porto<\/a>\u00a0donde llegamos. Hay varias compa\u00f1\u00edas para alquilar un carro cerca del aeropuerto y nuestro amigo normalmente usa\u00a0<a class=\"link--external\" style=\"box-sizing: border-box; margin: 0px; padding: 0px; border: 0px; outline: 0px; font-variant: inherit; font-stretch: inherit; line-height: inherit; vertical-align: baseline; font-family: inherit; font-size: 18px; font-style: inherit; font-weight: inherit; background-color: transparent; color: #78a85d; text-decoration: none; transition: all 0.3s ease 0s; box-shadow: none;\" href=\"https:\/\/goo.gl\/maps\/TUid7PeiiJQa9RdY8\" target=\"_blank\" rel=\"noopener\" data-brz-link-type=\"external\">Drive &amp; Go<\/a>. En el viaje a Canas de Senhorim, pasamos por unos bellos paisajes monta\u00f1osos por carreteras sinuosas. Nos quedamos aqu\u00ed por 1 semana e hicimos compras en un supermercado en el pueblo m\u00e1s grande de\u00a0<a class=\"link--external\" style=\"box-sizing: border-box; margin: 0px; padding: 0px; border: 0px; outline: 0px; font-variant: inherit; font-stretch: inherit; line-height: inherit; vertical-align: baseline; font-family: inherit; font-size: 18px; font-style: inherit; font-weight: inherit; background-color: transparent; color: #78a85d; text-decoration: none; transition: all 0.3s ease 0s; box-shadow: none;\" href=\"https:\/\/goo.gl\/maps\/hRZdHZUSvBArbA1N9\" target=\"_blank\" rel=\"noopener\" data-brz-link-type=\"external\">Nelas<\/a>\u00a0que estaba a unos 10 minutos en carro. Para salir a comer en restaurantes, sal\u00edamos a la ciudad de\u00a0<a class=\"link--external\" style=\"box-sizing: border-box; margin: 0px; padding: 0px; border: 0px; outline: 0px; font-variant: inherit; font-stretch: inherit; line-height: inherit; vertical-align: baseline; font-family: inherit; font-size: 18px; font-style: inherit; font-weight: inherit; background-color: transparent; color: #78a85d; text-decoration: none; transition: all 0.3s ease 0s; box-shadow: none;\" href=\"https:\/\/goo.gl\/maps\/QEcmN7x7RQMfP6R66\" target=\"_blank\" rel=\"noopener\" data-brz-link-type=\"external\">Viseu<\/a>\u00a0que est\u00e1 a unos 30 minutos en carro. Para actividades, el parque nacional\u00a0<a class=\"link--external\" style=\"box-sizing: border-box; margin: 0px; padding: 0px; border: 0px; outline: 0px; font-variant: inherit; font-stretch: inherit; line-height: inherit; vertical-align: baseline; font-family: inherit; font-size: 18px; font-style: inherit; font-weight: inherit; background-color: transparent; color: #78a85d; text-decoration: none; transition: all 0.3s ease 0s; box-shadow: none;\" href=\"https:\/\/goo.gl\/maps\/bVBput4XGEFsz6BB9\" target=\"_blank\" rel=\"noopener\" data-brz-link-type=\"external\">Serra da Estrela\u00a0<\/a>est\u00e1 cerca al igual que varios peque\u00f1os pueblos.<\/p><\/div><\/div><\/div><\/div><\/div><\/section>\t\t\t\t\t\t\t\t<\/div>\n\t\t\t\t<\/div>\n\t\t\t\t\t<\/div>\n\t\t<\/div>\n\t\t\t\t\t<\/div>\n\t\t<\/section>\n\t\t\t\t<section class=\"elementor-section elementor-top-section elementor-element elementor-element-60ae8d83 elementor-section-height-min-height elementor-section-boxed elementor-section-height-default elementor-section-items-middle\" data-id=\"60ae8d83\" data-element_type=\"section\" data-settings=\"{&quot;background_background&quot;:&quot;classic&quot;}\">\n\t\t\t\t\t\t<div class=\"elementor-container elementor-column-gap-default\">\n\t\t\t\t\t<div class=\"elementor-column elementor-col-100 elementor-top-column elementor-element elementor-element-1a6ff7d8\" data-id=\"1a6ff7d8\" data-element_type=\"column\">\n\t\t\t<div class=\"elementor-widget-wrap\">\n\t\t\t\t\t\t\t<\/div>\n\t\t<\/div>\n\t\t\t\t\t<\/div>\n\t\t<\/section>\n\t\t\t\t<section class=\"elementor-section elementor-top-section elementor-element elementor-element-2e593b9 elementor-section-boxed elementor-section-height-default elementor-section-height-default\" data-id=\"2e593b9\" data-element_type=\"section\">\n\t\t\t\t\t\t<div class=\"elementor-container elementor-column-gap-default\">\n\t\t\t\t\t<div class=\"elementor-column elementor-col-100 elementor-top-column elementor-element elementor-element-7405fb9\" data-id=\"7405fb9\" data-element_type=\"column\">\n\t\t\t<div class=\"elementor-widget-wrap elementor-element-populated\">\n\t\t\t\t\t\t<div class=\"elementor-element elementor-element-eb30371 elementor-widget elementor-widget-heading\" data-id=\"eb30371\" data-element_type=\"widget\" data-widget_type=\"heading.default\">\n\t\t\t\t<div class=\"elementor-widget-container\">\n\t\t\t\t\t<h2 class=\"elementor-heading-title elementor-size-default\"><section data-uid=\"mxpdgjwyzh\"><div data-custom-id=\"bikuaomkhi\"><div><div><div data-custom-id=\"oyqchbqajr\">Praia da Lagoa Comprida\n<div><span style=\"color: var( --e-global-color-primary );font-family: var( --e-global-typography-primary-font-family ), Sans-serif;font-size: var( --e-global-typography-primary-font-size );font-style: var( --e-global-typography-primary-font-style );font-weight: var( --e-global-typography-primary-font-weight );letter-spacing: var( --e-global-typography-primary-letter-spacing )\"><\/span><br><\/div><\/div><\/div><\/div><\/div><\/section><\/h2>\t\t\t\t<\/div>\n\t\t\t\t<\/div>\n\t\t\t\t<div class=\"elementor-element elementor-element-907ee00 elementor-widget elementor-widget-text-editor\" data-id=\"907ee00\" data-element_type=\"widget\" data-widget_type=\"text-editor.default\">\n\t\t\t\t<div class=\"elementor-widget-container\">\n\t\t\t\t\t\t\t\t\t<section id=\"stjbwypvkb\" class=\"brz-section brz-css-bhftj\" style=\"box-sizing: border-box; margin: 0px; padding: 0px; border: 0px; outline: 0px; font-variant-ligatures: normal; font-variant-caps: normal; font-variant-numeric: inherit; font-variant-east-asian: inherit; font-stretch: inherit; line-height: inherit; vertical-align: baseline; font-family: Quicksand, sans-serif; font-size: 18px; font-style: normal; font-weight: 400; display: block; color: #001a1c; letter-spacing: -0.5px; orphans: 2; text-align: start; text-indent: 0px; text-transform: none; white-space: normal; widows: 2; word-spacing: 0px; -webkit-text-stroke-width: 0px; background-color: #ffffff; text-decoration-thickness: initial; text-decoration-style: initial; text-decoration-color: initial;\" data-uid=\"stjbwypvkb\"><div class=\"brz-section__content brz-section--boxed brz-css-mdmdf brz-css-tktne\" style=\"box-sizing: border-box; margin: 0px; padding: 0px; border: 0px; outline: 0px; font-variant: inherit; font-stretch: inherit; line-height: inherit; vertical-align: baseline; font-family: inherit; font-size: 18px; font-style: inherit; font-weight: inherit;\" data-custom-id=\"fegadeivmh\"><div class=\"brz-container brz-css-wvbub brz-css-iqwtr\" style=\"box-sizing: border-box; margin: 0px; padding: 0px; border: 0px; outline: 0px; font-variant: inherit; font-stretch: inherit; line-height: inherit; vertical-align: baseline; font-family: inherit; font-size: 18px; font-style: inherit; font-weight: inherit;\"><div class=\"brz-css-jdasg brz-css-qvypr brz-wrapper\" style=\"box-sizing: border-box; margin: 0px; padding: 0px; border: 0px; outline: 0px; font-variant: inherit; font-stretch: inherit; line-height: inherit; vertical-align: baseline; font-family: inherit; font-size: 18px; font-style: inherit; font-weight: inherit;\"><div class=\"brz-rich-text brz-rich-text__custom brz-css-eifat\" style=\"box-sizing: border-box; margin: 0px; padding: 0px; border: 0px; outline: 0px; font-variant: inherit; font-stretch: inherit; line-height: inherit; vertical-align: baseline; font-family: inherit; font-size: 18px; font-style: inherit; font-weight: inherit;\" data-custom-id=\"yrrnrijbke\"><div style=\"box-sizing: border-box; margin: 0px; padding: 0px; border: 0px; outline: 0px; font-variant: inherit; font-stretch: inherit; line-height: inherit; vertical-align: baseline; font-family: inherit; font-size: 18px; font-style: inherit; font-weight: inherit;\"><p class=\"brz-css-wfzgj\" style=\"box-sizing: border-box; overflow-wrap: break-word; margin: 1.5em auto; padding: 0px 20px; border: 0px; outline: 0px; font-variant: inherit; font-stretch: inherit; line-height: inherit; vertical-align: baseline; font-family: inherit; font-size: 18px; font-style: inherit; font-weight: inherit; max-width: 900px;\" data-uniq-id=\"npzhr\" data-generated-css=\"brz-css-xipxr\"><span style=\"box-sizing: border-box; margin: 0px; padding: 0px; border: 0px; outline: 0px; font-variant: inherit; font-stretch: inherit; line-height: inherit; vertical-align: baseline; font-family: inherit; font-size: 18px; font-style: inherit; font-weight: inherit; color: var( --e-global-color-text );\">Manejamos alrededor de 1 hora para llegar a est\u00e1 <\/span><a class=\"link--external\" style=\"box-sizing: border-box; margin: 0px; padding: 0px; border: 0px; outline: 0px; font-variant: inherit; font-stretch: inherit; line-height: inherit; vertical-align: baseline; font-family: inherit; font-size: 18px; font-style: inherit; font-weight: inherit; background-color: #ffffff; color: #78a85d; text-decoration: none; transition: all 0.3s ease 0s; box-shadow: none;\" href=\"https:\/\/goo.gl\/maps\/deUEL1C5EJxkmf5x9\" target=\"_blank\" rel=\"noopener\" data-brz-link-type=\"external\">lago<\/a><span style=\"box-sizing: border-box; margin: 0px; padding: 0px; border: 0px; outline: 0px; font-variant: inherit; font-stretch: inherit; line-height: inherit; vertical-align: baseline; font-family: inherit; font-size: 18px; font-style: inherit; font-weight: inherit; color: var( --e-global-color-text );\">\u00a0ubicada en Serra da Estrela y en la ruta se puede aprovechar de unos magn\u00edficos paisajes al subir la carretera sinuosa. En el camino pasamos varios pueblos peque\u00f1os en las monta\u00f1as antes de llegar al parqueadero que queda frente a la represa de la laguna. Hay una peque\u00f1a tienda\/cafeter\u00eda en este lugar y se puede caminar el largo de la represa para tomar unas buenas fotos. La laguna es enorme y cuando llegamos hab\u00eda varios grupos de personas tomando el sol en la orilla. Encontramos un lugar en unas piedras en la orilla para dejar nuestras cosas para meternos a la laguna. Nos hizo un buen clima el d\u00eda que fuimos con una temperatura de unos 30 grados, pero aun as\u00ed el agua estaba fr\u00eda por lo cual fue bueno para refrescarnos. Despu\u00e9s de nadar, nos fuimos a caminar por la laguna y vimos varias piedras grandes, que ser\u00edan buenas para hacer bouldering. En fin, fue un gran lugar para pasar una tarde relajante.<\/span><\/p><\/div><\/div><\/div><\/div><\/div><\/section>\t\t\t\t\t\t\t\t<\/div>\n\t\t\t\t<\/div>\n\t\t\t\t<div class=\"elementor-element elementor-element-9e1e795 elementor-widget elementor-widget-shortcode\" data-id=\"9e1e795\" data-element_type=\"widget\" data-widget_type=\"shortcode.default\">\n\t\t\t\t<div class=\"elementor-widget-container\">\n\t\t\t\t\t\t\t<div class=\"elementor-shortcode\"><\/div>\n\t\t\t\t\t\t<\/div>\n\t\t\t\t<\/div>\n\t\t\t\t<div class=\"elementor-element elementor-element-0d6fb59 elementor-widget elementor-widget-heading\" data-id=\"0d6fb59\" data-element_type=\"widget\" data-widget_type=\"heading.default\">\n\t\t\t\t<div class=\"elementor-widget-container\">\n\t\t\t\t\t<h2 class=\"elementor-heading-title elementor-size-default\"><section data-uid=\"mxpdgjwyzh\"><div data-custom-id=\"bikuaomkhi\"><div><div><div data-custom-id=\"oyqchbqajr\"><div>Viseu<br><\/div><\/div><\/div><\/div><\/div><\/section><\/h2>\t\t\t\t<\/div>\n\t\t\t\t<\/div>\n\t\t\t\t<div class=\"elementor-element elementor-element-efcc6a0 elementor-widget elementor-widget-text-editor\" data-id=\"efcc6a0\" data-element_type=\"widget\" data-widget_type=\"text-editor.default\">\n\t\t\t\t<div class=\"elementor-widget-container\">\n\t\t\t\t\t\t\t\t\t<div class=\"brz-css-jdasg brz-wrapper\" style=\"box-sizing: border-box; margin: 0px; padding: 0px; border: 0px; outline: 0px; font-variant-ligatures: normal; font-variant-caps: normal; font-variant-numeric: inherit; font-variant-east-asian: inherit; font-stretch: inherit; line-height: inherit; vertical-align: baseline; font-family: Quicksand, sans-serif; font-size: 18px; font-style: normal; font-weight: 400; color: #001a1c; letter-spacing: -0.5px; orphans: 2; text-align: start; text-indent: 0px; text-transform: none; white-space: normal; widows: 2; word-spacing: 0px; -webkit-text-stroke-width: 0px; background-color: #ffffff; text-decoration-thickness: initial; text-decoration-style: initial; text-decoration-color: initial;\"><div class=\"brz-rich-text brz-rich-text__custom brz-css-eifat\" style=\"box-sizing: border-box; margin: 0px; padding: 0px; border: 0px; outline: 0px; font-variant: inherit; font-stretch: inherit; line-height: inherit; vertical-align: baseline; font-family: inherit; font-size: 18px; font-style: inherit; font-weight: inherit;\" data-custom-id=\"rcrvnkbactcsoialqtmkwgvxchhkejzrphmg\"><div style=\"box-sizing: border-box; margin: 0px; padding: 0px; border: 0px; outline: 0px; font-variant: inherit; font-stretch: inherit; line-height: inherit; vertical-align: baseline; font-family: inherit; font-size: 18px; font-style: inherit; font-weight: inherit;\"><p class=\"brz-css-pcevn\" style=\"box-sizing: border-box; overflow-wrap: break-word; margin: 1.5em auto; padding: 0px 20px; border: 0px; outline: 0px; font-variant: inherit; font-stretch: inherit; line-height: inherit; vertical-align: baseline; font-family: inherit; font-size: 18px; font-style: inherit; font-weight: inherit; max-width: 900px;\"><span style=\"box-sizing: border-box; margin: 0px; padding: 0px; border: 0px; outline: 0px; font-variant: inherit; font-stretch: inherit; line-height: inherit; vertical-align: baseline; font-family: inherit; font-size: 18px; font-style: inherit; font-weight: inherit; color: var( --e-global-color-text );\">Una de las atracciones principales de la ciudad es <\/span><a class=\"link--external\" style=\"box-sizing: border-box; margin: 0px; padding: 0px; border: 0px; outline: 0px; font-variant: inherit; font-stretch: inherit; line-height: inherit; vertical-align: baseline; font-family: inherit; font-size: 18px; font-style: inherit; font-weight: inherit; background-color: #ffffff; color: #78a85d; text-decoration: none; transition: all 0.3s ease 0s; box-shadow: none;\" href=\"https:\/\/goo.gl\/maps\/XnUJ5n3xc8qo1MyX7\" target=\"_blank\" rel=\"noopener\" data-brz-link-type=\"external\">S\u00e9 Catedral de Viseu<\/a><span style=\"box-sizing: border-box; margin: 0px; padding: 0px; border: 0px; outline: 0px; font-variant: inherit; font-stretch: inherit; line-height: inherit; vertical-align: baseline; font-family: inherit; font-size: 18px; font-style: inherit; font-weight: inherit; color: var( --e-global-color-text );\">\u00a0que fue construida en el siglo 12. La entrada es gratis a la catedral y al patio donde hay unos muros decorados con baldosa, pero tambi\u00e9n se puede pagar para entrar a visitar el museo que se encuentra dentro de unos edificios bien antiguos. La arquitectura y la canter\u00eda de la catedral se ha mantenido intacta por lo cual se puede apreciar la historia que hay en este lugar. Cruzando la plaza principal encontramos una iglesia m\u00e1s nueva; la\u00a0<\/span><a class=\"link--external\" style=\"box-sizing: border-box; margin: 0px; padding: 0px; border: 0px; outline: 0px; font-variant: inherit; font-stretch: inherit; line-height: inherit; vertical-align: baseline; font-family: inherit; font-size: 18px; font-style: inherit; font-weight: inherit; background-color: #ffffff; color: #135c27; text-decoration: none; transition: all 0.3s ease 0s; box-shadow: none;\" href=\"https:\/\/goo.gl\/maps\/Nd3QtBGj4gpTHz2y8\" target=\"_blank\" rel=\"noopener\" data-brz-link-type=\"external\">Igreja da Miseric\u00f3rdia de Viseu<\/a><span style=\"box-sizing: border-box; margin: 0px; padding: 0px; border: 0px; outline: 0px; font-variant: inherit; font-stretch: inherit; line-height: inherit; vertical-align: baseline; font-family: inherit; font-size: 18px; font-style: inherit; font-weight: inherit; color: var( --e-global-color-text );\">. Al lado de esta iglesia, hay un mirador donde obtenemos una vista elevada de la ciudad. Caminamos por las calles adoquinadas de la ciudad donde hay varias tiendas en el camino para llegar a\u00a0<\/span><a class=\"link--external\" style=\"box-sizing: border-box; margin: 0px; padding: 0px; border: 0px; outline: 0px; font-variant: inherit; font-stretch: inherit; line-height: inherit; vertical-align: baseline; font-family: inherit; font-size: 18px; font-style: inherit; font-weight: inherit; background-color: #ffffff; color: #78a85d; text-decoration: none; transition: all 0.3s ease 0s; box-shadow: none;\" href=\"https:\/\/goo.gl\/maps\/q8hQoAxqimrRnpKZ6\" target=\"_blank\" rel=\"noopener\" data-brz-link-type=\"external\">Jardim da Ribeira<\/a><span style=\"box-sizing: border-box; margin: 0px; padding: 0px; border: 0px; outline: 0px; font-variant: inherit; font-stretch: inherit; line-height: inherit; vertical-align: baseline; font-family: inherit; font-size: 18px; font-style: inherit; font-weight: inherit; color: var( --e-global-color-text );\">. Aqu\u00ed hay un funicular que sube a la Igeja Miseric\u00f3rdia de Viseu, pero lo m\u00e1s destacado en la temporada qui fuimos fue la Feira de S\u00e3o Mateus. Esta feria llega cada a\u00f1o desde el fin de agosto hasta inicios de septiembre. En la feria hab\u00eda varios juegos mec\u00e1nicos, puestos de comida, y un escenario con m\u00fasica en vivo. Una de las comidas t\u00edpicas aqu\u00ed son las farturas que se pod\u00eda comprar en todo lado. Estos son parecidos a los churros, pero m\u00e1s grandes y estuvieron bien deliciosos.<\/span><\/p><\/div><\/div><\/div>\t\t\t\t\t\t\t\t<\/div>\n\t\t\t\t<\/div>\n\t\t\t\t<div class=\"elementor-element elementor-element-99f6c8e elementor-widget elementor-widget-shortcode\" data-id=\"99f6c8e\" data-element_type=\"widget\" data-widget_type=\"shortcode.default\">\n\t\t\t\t<div class=\"elementor-widget-container\">\n\t\t\t\t\t\t\t<div class=\"elementor-shortcode\"><\/div>\n\t\t\t\t\t\t<\/div>\n\t\t\t\t<\/div>\n\t\t\t\t<div class=\"elementor-element elementor-element-622cfca elementor-widget elementor-widget-heading\" data-id=\"622cfca\" data-element_type=\"widget\" data-widget_type=\"heading.default\">\n\t\t\t\t<div class=\"elementor-widget-container\">\n\t\t\t\t\t<h2 class=\"elementor-heading-title elementor-size-default\"><section data-uid=\"mxpdgjwyzh\"><div data-custom-id=\"bikuaomkhi\"><div><div><div data-custom-id=\"oyqchbqajr\"><div>Mangualde<br><\/div><\/div><\/div><\/div><\/div><\/section><\/h2>\t\t\t\t<\/div>\n\t\t\t\t<\/div>\n\t\t\t\t<div class=\"elementor-element elementor-element-98a91c6 elementor-widget elementor-widget-text-editor\" data-id=\"98a91c6\" data-element_type=\"widget\" data-widget_type=\"text-editor.default\">\n\t\t\t\t<div class=\"elementor-widget-container\">\n\t\t\t\t\t\t\t\t\t<div class=\"brz-css-jdasg brz-css-gzpam brz-wrapper\" style=\"box-sizing: border-box; margin: 0px; padding: 0px; border: 0px; outline: 0px; font-variant-ligatures: normal; font-variant-caps: normal; font-variant-numeric: inherit; font-variant-east-asian: inherit; font-stretch: inherit; line-height: inherit; vertical-align: baseline; font-family: Quicksand, sans-serif; font-size: 18px; font-style: normal; font-weight: 400; color: #001a1c; letter-spacing: -0.5px; orphans: 2; text-align: start; text-indent: 0px; text-transform: none; white-space: normal; widows: 2; word-spacing: 0px; -webkit-text-stroke-width: 0px; background-color: #ffffff; text-decoration-thickness: initial; text-decoration-style: initial; text-decoration-color: initial;\"><div class=\"brz-rich-text brz-rich-text__custom brz-css-eifat\" style=\"box-sizing: border-box; margin: 0px; padding: 0px; border: 0px; outline: 0px; font-variant: inherit; font-stretch: inherit; line-height: inherit; vertical-align: baseline; font-family: inherit; font-size: 18px; font-style: inherit; font-weight: inherit;\" data-custom-id=\"ozgdcifsdmbltyeuafqhihgnwmgfijxaujeu\"><div style=\"box-sizing: border-box; margin: 0px; padding: 0px; border: 0px; outline: 0px; font-variant: inherit; font-stretch: inherit; line-height: inherit; vertical-align: baseline; font-family: inherit; font-size: 18px; font-style: inherit; font-weight: inherit;\"><p class=\"brz-css-jpybm\" style=\"box-sizing: border-box; overflow-wrap: break-word; margin: 1.5em auto; padding: 0px 20px; border: 0px; outline: 0px; font-variant: inherit; font-stretch: inherit; line-height: inherit; vertical-align: baseline; font-family: inherit; font-size: 18px; font-style: inherit; font-weight: inherit; max-width: 900px;\" data-uniq-id=\"kmjbk\" data-generated-css=\"brz-css-hqicl\">Este es uno de los <a class=\"link--external\" style=\"box-sizing: border-box; margin: 0px; padding: 0px; border: 0px; outline: 0px; font-variant: inherit; font-stretch: inherit; line-height: inherit; vertical-align: baseline; font-family: inherit; font-size: 18px; font-style: inherit; font-weight: inherit; background-color: transparent; color: #78a85d; text-decoration: none; transition: all 0.3s ease 0s; box-shadow: none;\" href=\"https:\/\/goo.gl\/maps\/rKGx1LiGYabq5EPQ8\" target=\"_blank\" rel=\"noopener\" data-brz-link-type=\"external\">pueblos<\/a>\u00a0m\u00e1s grandes que queda cerca de Canas de Senhorim. Lo destacado de este pueblo es el\u00a0<a class=\"link--external\" style=\"box-sizing: border-box; margin: 0px; padding: 0px; border: 0px; outline: 0px; font-variant: inherit; font-stretch: inherit; line-height: inherit; vertical-align: baseline; font-family: inherit; font-size: 18px; font-style: inherit; font-weight: inherit; background-color: transparent; color: #78a85d; text-decoration: none; transition: all 0.3s ease 0s; box-shadow: none;\" href=\"https:\/\/goo.gl\/maps\/fK1KwzH9FU93VFUr9\" target=\"_blank\" rel=\"noopener\" data-brz-link-type=\"external\">Live Beach<\/a>\u00a0que es una playa artificial. Es un gran lugar para relajarse en las sillas de playa con parasoles que hay para\u00a0<a class=\"link--external\" style=\"box-sizing: border-box; margin: 0px; padding: 0px; border: 0px; outline: 0px; font-variant: inherit; font-stretch: inherit; line-height: inherit; vertical-align: baseline; font-family: inherit; font-size: 18px; font-style: inherit; font-weight: inherit; background-color: transparent; color: #78a85d; text-decoration: none; transition: all 0.3s ease 0s; box-shadow: none;\" href=\"http:\/\/www.livebeach.pt\/tabela-de-precos\/\" target=\"_blank\" rel=\"noopener\" data-brz-link-type=\"external\">alquilar<\/a>. Tambi\u00e9n hay un bar\/restaurante, una zona para ni\u00f1os, y una cancha de futbol en la arena. Despu\u00e9s de meterse al agua, se puede subir a la Capilla de\u00a0<a class=\"link--external\" style=\"box-sizing: border-box; margin: 0px; padding: 0px; border: 0px; outline: 0px; font-variant: inherit; font-stretch: inherit; line-height: inherit; vertical-align: baseline; font-family: inherit; font-size: 18px; font-style: inherit; font-weight: inherit; background-color: transparent; color: #78a85d; text-decoration: none; transition: all 0.3s ease 0s; box-shadow: none;\" href=\"https:\/\/goo.gl\/maps\/UcduL4fLbBJZCzym8\" target=\"_blank\" rel=\"noopener\" data-brz-link-type=\"external\">Nossa Senhora do Castelo<\/a>\u00a0que est\u00e1 ubicada en la cima de la una loma por lo cual es un gran mirador. Se puede subir en carro al parqueadero o tambi\u00e9n hay unas gradas para subir a pie. Aqu\u00ed tambi\u00e9n hay un restaurante que es famoso por servir un plato t\u00edpico de caracol.<\/p><\/div><\/div><\/div>\t\t\t\t\t\t\t\t<\/div>\n\t\t\t\t<\/div>\n\t\t\t\t<div class=\"elementor-element elementor-element-8611ea8 elementor-widget elementor-widget-shortcode\" data-id=\"8611ea8\" data-element_type=\"widget\" data-widget_type=\"shortcode.default\">\n\t\t\t\t<div class=\"elementor-widget-container\">\n\t\t\t\t\t\t\t<div class=\"elementor-shortcode\"><\/div>\n\t\t\t\t\t\t<\/div>\n\t\t\t\t<\/div>\n\t\t\t\t\t<\/div>\n\t\t<\/div>\n\t\t\t\t\t<\/div>\n\t\t<\/section>\n\t\t\t\t<\/div>","protected":false},"excerpt":{"rendered":"<p>Las monta\u00f1as en Serra da Estrela tienen muchos pueblos coloniales hermosos, varios miradores para disfrutar del hermoso paisaje, y muchos lagos en el parque nacional donde se puede tomar un ba\u00f1o.<\/p>","protected":false},"author":2,"featured_media":26752,"comment_status":"open","ping_status":"open","sticky":false,"template":"","format":"standard","meta":{"ocean_post_layout":"","ocean_both_sidebars_style":"","ocean_both_sidebars_content_width":0,"ocean_both_sidebars_sidebars_width":0,"ocean_sidebar":"0","ocean_second_sidebar":"0","ocean_disable_margins":"enable","ocean_add_body_class":"","ocean_shortcode_before_top_bar":"","ocean_shortcode_after_top_bar":"","ocean_shortcode_before_header":"","ocean_shortcode_after_header":"","ocean_has_shortcode":"","ocean_shortcode_after_title":"","ocean_shortcode_before_footer_widgets":"","ocean_shortcode_after_footer_widgets":"","ocean_shortcode_before_footer_bottom":"","ocean_shortcode_after_footer_bottom":"","ocean_display_top_bar":"default","ocean_display_header":"default","ocean_header_style":"","ocean_center_header_left_menu":"0","ocean_custom_header_template":"0","ocean_custom_logo":0,"ocean_custom_retina_logo":0,"ocean_custom_logo_max_width":0,"ocean_custom_logo_tablet_max_width":0,"ocean_custom_logo_mobile_max_width":0,"ocean_custom_logo_max_height":0,"ocean_custom_logo_tablet_max_height":0,"ocean_custom_logo_mobile_max_height":0,"ocean_header_custom_menu":"0","ocean_menu_typo_font_family":"0","ocean_menu_typo_font_subset":"","ocean_menu_typo_font_size":0,"ocean_menu_typo_font_size_tablet":0,"ocean_menu_typo_font_size_mobile":0,"ocean_menu_typo_font_size_unit":"px","ocean_menu_typo_font_weight":"","ocean_menu_typo_font_weight_tablet":"","ocean_menu_typo_font_weight_mobile":"","ocean_menu_typo_transform":"","ocean_menu_typo_transform_tablet":"","ocean_menu_typo_transform_mobile":"","ocean_menu_typo_line_height":0,"ocean_menu_typo_line_height_tablet":0,"ocean_menu_typo_line_height_mobile":0,"ocean_menu_typo_line_height_unit":"","ocean_menu_typo_spacing":0,"ocean_menu_typo_spacing_tablet":0,"ocean_menu_typo_spacing_mobile":0,"ocean_menu_typo_spacing_unit":"","ocean_menu_link_color":"","ocean_menu_link_color_hover":"","ocean_menu_link_color_active":"","ocean_menu_link_background":"","ocean_menu_link_hover_background":"","ocean_menu_link_active_background":"","ocean_menu_social_links_bg":"","ocean_menu_social_hover_links_bg":"","ocean_menu_social_links_color":"","ocean_menu_social_hover_links_color":"","ocean_disable_title":"default","ocean_disable_heading":"default","ocean_post_title":"","ocean_post_subheading":"","ocean_post_title_style":"background-image","ocean_post_title_background_color":"","ocean_post_title_background":26753,"ocean_post_title_bg_image_position":"","ocean_post_title_bg_image_attachment":"","ocean_post_title_bg_image_repeat":"","ocean_post_title_bg_image_size":"","ocean_post_title_height":0,"ocean_post_title_bg_overlay":0.5,"ocean_post_title_bg_overlay_color":"","ocean_disable_breadcrumbs":"default","ocean_breadcrumbs_color":"","ocean_breadcrumbs_separator_color":"","ocean_breadcrumbs_links_color":"","ocean_breadcrumbs_links_hover_color":"","ocean_display_footer_widgets":"default","ocean_display_footer_bottom":"default","ocean_custom_footer_template":"0","ocean_post_oembed":"","ocean_post_self_hosted_media":"","ocean_post_video_embed":"","ocean_link_format":"","ocean_link_format_target":"self","ocean_quote_format":"","ocean_quote_format_link":"post","ocean_gallery_link_images":"off","ocean_gallery_id":[],"footnotes":""},"categories":[173,253],"tags":[48,77,72,50,66,47,44,76,63,99,186,110,120,70],"class_list":["post-26746","post","type-post","status-publish","format-standard","has-post-thumbnail","hentry","category-europe","category-portugal","tag-activity","tag-architecture","tag-church","tag-culture","tag-history","tag-landscapes","tag-mountain","tag-nature","tag-river","tag-tourist-sites","tag-tourist-town","tag-town","tag-valley","tag-viewpoint","entry","has-media"],"_links":{"self":[{"href":"https:\/\/www.maldotravels.com\/es\/wp-json\/wp\/v2\/posts\/26746","targetHints":{"allow":["GET"]}}],"collection":[{"href":"https:\/\/www.maldotravels.com\/es\/wp-json\/wp\/v2\/posts"}],"about":[{"href":"https:\/\/www.maldotravels.com\/es\/wp-json\/wp\/v2\/types\/post"}],"author":[{"embeddable":true,"href":"https:\/\/www.maldotravels.com\/es\/wp-json\/wp\/v2\/users\/2"}],"replies":[{"embeddable":true,"href":"https:\/\/www.maldotravels.com\/es\/wp-json\/wp\/v2\/comments?post=26746"}],"version-history":[{"count":16,"href":"https:\/\/www.maldotravels.com\/es\/wp-json\/wp\/v2\/posts\/26746\/revisions"}],"predecessor-version":[{"id":27731,"href":"https:\/\/www.maldotravels.com\/es\/wp-json\/wp\/v2\/posts\/26746\/revisions\/27731"}],"wp:featuredmedia":[{"embeddable":true,"href":"https:\/\/www.maldotravels.com\/es\/wp-json\/wp\/v2\/media\/26752"}],"wp:attachment":[{"href":"https:\/\/www.maldotravels.com\/es\/wp-json\/wp\/v2\/media?parent=26746"}],"wp:term":[{"taxonomy":"category","embeddable":true,"href":"https:\/\/www.maldotravels.com\/es\/wp-json\/wp\/v2\/categories?post=26746"},{"taxonomy":"post_tag","embeddable":true,"href":"https:\/\/www.maldotravels.com\/es\/wp-json\/wp\/v2\/tags?post=26746"}],"curies":[{"name":"wp","href":"https:\/\/api.w.org\/{rel}","templated":true}]}}