{"id":2445,"date":"2018-08-22T18:00:02","date_gmt":"2018-08-22T18:00:02","guid":{"rendered":"http:\/\/3.8.116.40\/?p=2445"},"modified":"2022-04-29T03:38:45","modified_gmt":"2022-04-29T03:38:45","slug":"quito-city-in-the-middle-of-the-world","status":"publish","type":"post","link":"https:\/\/www.maldotravels.com\/es\/south-america\/quito-city-in-the-middle-of-the-world\/","title":{"rendered":"Quito - Ciudad en la Mitad del Mundo"},"content":{"rendered":"<div data-elementor-type=\"wp-post\" data-elementor-id=\"2445\" class=\"elementor elementor-2445\">\n\t\t\t\t\t\t<section class=\"elementor-section elementor-top-section elementor-element elementor-element-8e4f3d7 elementor-section-boxed elementor-section-height-default elementor-section-height-default\" data-id=\"8e4f3d7\" data-element_type=\"section\">\n\t\t\t\t\t\t<div class=\"elementor-container elementor-column-gap-default\">\n\t\t\t\t\t<div class=\"elementor-column elementor-col-100 elementor-top-column elementor-element elementor-element-61e8dd6\" data-id=\"61e8dd6\" data-element_type=\"column\">\n\t\t\t<div class=\"elementor-widget-wrap elementor-element-populated\">\n\t\t\t\t\t\t<div class=\"elementor-element elementor-element-2ca1638 elementor-widget elementor-widget-text-editor\" data-id=\"2ca1638\" data-element_type=\"widget\" data-widget_type=\"text-editor.default\">\n\t\t\t\t<div class=\"elementor-widget-container\">\n\t\t\t\t\t\t\t\t\t<p>La capital de Ecuador, <a class=\"link--external\" href=\"https:\/\/goo.gl\/maps\/sejtQRAtc1NVaN9D6\" target=\"_blank\" rel=\"noopener\" data-brz-link-type=\"external\">Quito<\/a>, fue una de las primeras ciudades a ser nombrada como Patrimonio Cultural de la Humanidad por la UNESCO. El centro hist\u00f3rico de la ciudad est\u00e1 muy bien conservado, y pasear por sus calles es ir de regreso en el tiempo a una Espa\u00f1a colonial. Como la ciudad est\u00e1 localizada entre monta\u00f1as, el terreno geogr\u00e1fico es monta\u00f1oso y con barrancos, lo cual hace que la ciudad tenga una forma alargada y angosta.  Esto debe ser tomado en consideraci\u00f3n por los visitantes cuando escojan un lugar donde quedarse ya que les puede tomar al menos una hora para atravesar la ciudad desde el norte hasta el sur.  Quito es tambi\u00e9n la ciudad m\u00e1s cercana a la l\u00ednea ecuatorial, la cual se encuentra al norte de la ciudad en donde se puede visitar el Monumento a la Mitad del Mundo.  Estando muy cercano al sol, el clima es naturalmente caliente.  Sin embargo, al estar localizado en las monta\u00f1as, el clima es impredecible y cambia a trav\u00e9s del d\u00eda, \u00e9ste es fr\u00edo temprano en las ma\u00f1anas y las noches y caliente durante el d\u00eda alcanzando el pico m\u00e1ximo de calor al medio d\u00eda. Es indispensable usar protector solar y usted debe llevar siempre consigo un saco en caso de que regrese en la noche cuando se pone fr\u00edo.  Siendo Quito una ciudad moderna y metropolitana hay muchas actividades para realizar y siendo mi ciudad natal yo podr\u00eda contarles muchas, muchas cosas que hay para hacer y lugares tur\u00edsticos para visitar, as\u00ed es que voy a repasar algunos de los cuales yo los encuentro m\u00e1s interesantes.<\/p>\t\t\t\t\t\t\t\t<\/div>\n\t\t\t\t<\/div>\n\t\t\t\t<div class=\"elementor-element elementor-element-32618608 elementor-widget elementor-widget-heading\" data-id=\"32618608\" data-element_type=\"widget\" data-widget_type=\"heading.default\">\n\t\t\t\t<div class=\"elementor-widget-container\">\n\t\t\t\t\t<h2 class=\"elementor-heading-title elementor-size-default\">Convento de San Francisco<\/h2>\t\t\t\t<\/div>\n\t\t\t\t<\/div>\n\t\t\t\t<div class=\"elementor-element elementor-element-c729a24 elementor-widget elementor-widget-text-editor\" data-id=\"c729a24\" data-element_type=\"widget\" data-widget_type=\"text-editor.default\">\n\t\t\t\t<div class=\"elementor-widget-container\">\n\t\t\t\t\t\t\t\t\t<p>El m\u00e1s largo complejo religioso en el centro hist\u00f3rico de Quito fue construido en un per\u00edodo de m\u00e1s de 150 a\u00f1os entre el siglo XVI y XVII. \u00c9ste se encuentra ubicado en la <a class=\"link--external\" href=\"https:\/\/goo.gl\/maps\/hG6WBDkSSYeX2rRx5\" data-brz-link-type=\"external\">Plaza de San Francisco<\/a> y no solamente est\u00e1 lleno de historia sino tambi\u00e9n cuenta con una leyenda local.  La leyenda de Cantu\u00f1a cuenta la historia de un ind\u00edgena nativo, a quien los Padres Franciscanos le dieron como tarea construir la iglesia en un corto plazo.  Cantu\u00f1a ambiciosamente prometi\u00f3 cumplir la construcci\u00f3n en un plazo de 6 meses. \u00c9l reuni\u00f3 un equipo de ind\u00edgenas para la construcci\u00f3n, pero la obra no avanzaba tan r\u00e1pido como Cantu\u00f1a lo hab\u00eda esperado.  Un d\u00eda antes de la entrega se le apareci\u00f3 el diablo a Cantu\u00f1a y le ofreci\u00f3 ayudarlo a terminar la construcci\u00f3n a cambio de su alma.  Cantu\u00f1a acept\u00f3, pero con la condici\u00f3n de que sea colocada hasta la \u00faltima piedra para la entrega de la obra. El diablo estuvo de acuerdo y reuni\u00f3 a sus diablillos para trabajar y ellos progresaron r\u00e1pidamente y terminaron a tiempo.  As\u00ed es que cuando el d\u00eda lleg\u00f3 el diablo regres\u00f3 donde Cantu\u00f1a a pedirle su alma, pero Cantu\u00f1a hab\u00eda escondido sigilosamente una piedra antes de que los diablillos hubiesen comenzado el trabajo y le dijo al diablo que la construcci\u00f3n no estaba completamente terminada como hab\u00edan acordado.  El diablo, avergonzado de haber sido tomado por tonto por un sencillo mortal retorn\u00f3 a esconderse en las profundidades del infierno.  Hay una l\u00e1pida sepulcral de Cantu\u00f1a en una de las Capillas, as\u00ed es que la persona s\u00ed existi\u00f3, pero no se sabe c\u00f3mo surgi\u00f3 la leyenda o que piedra falta.  Parte del Convento se ha convertido en un museo, la entrada cuesta solamente 2 USD<span id='easy-footnote-1-2445' class='easy-footnote-margin-adjust'><\/span><span class='easy-footnote'><a href='https:\/\/www.maldotravels.com\/es\/south-america\/quito-city-in-the-middle-of-the-world\/#easy-footnote-bottom-1-2445' title='The currency used in Ecuador known as the &lt;a class=&quot;link--external&quot; href=&quot;https:\/\/www.google.com\/search?q=usd+rate&quot; target=&quot;_blank&quot; rel=&quot;noopener&quot; data-brz-link-type=&quot;external&quot;&gt;D&oacute;lar Americano&lt;\/a&gt;'><sup>1<\/sup><\/a><\/span>. \u00c9ste exhibe la historia del convento y tiene exhibiciones por estaciones de temporada.  Hay varias Capillas y la Iglesia principal tiene mucha decoraci\u00f3n interior tallada y ba\u00f1ada en oro.<\/p>\t\t\t\t\t\t\t\t<\/div>\n\t\t\t\t<\/div>\n\t\t\t\t<div class=\"elementor-element elementor-element-8b057c1 elementor-widget elementor-widget-shortcode\" data-id=\"8b057c1\" data-element_type=\"widget\" data-widget_type=\"shortcode.default\">\n\t\t\t\t<div class=\"elementor-widget-container\">\n\t\t\t\t\t\t\t<div class=\"elementor-shortcode\"><\/div>\n\t\t\t\t\t\t<\/div>\n\t\t\t\t<\/div>\n\t\t\t\t<div class=\"elementor-element elementor-element-382518b elementor-widget elementor-widget-heading\" data-id=\"382518b\" data-element_type=\"widget\" data-widget_type=\"heading.default\">\n\t\t\t\t<div class=\"elementor-widget-container\">\n\t\t\t\t\t<h2 class=\"elementor-heading-title elementor-size-default\">La Basilica del Voto Nacional<\/h2>\t\t\t\t<\/div>\n\t\t\t\t<\/div>\n\t\t\t\t<div class=\"elementor-element elementor-element-c6ed323 elementor-widget elementor-widget-text-editor\" data-id=\"c6ed323\" data-element_type=\"widget\" data-widget_type=\"text-editor.default\">\n\t\t\t\t<div class=\"elementor-widget-container\">\n\t\t\t\t\t\t\t\t\t<p>Inspirada en la Catedral de Notre Damme y la Catedral Bourges, <a class=\"link--external\" href=\"https:\/\/goo.gl\/maps\/CyoLgLtzVHgDeuCM9\" target=\"_blank\" rel=\"noopener\" data-brz-link-type=\"external\">La Basilica<\/a> es una estructura magn\u00edfica con detalles de la regi\u00f3n.  Las g\u00e1rgolas no son las t\u00edpicas encontradas en otras bas\u00edlicas, m\u00e1s bien son animales nativos de Ecuador.  Los planes para construir la Bas\u00edlica comenzaron en el a\u00f1o de 1882, pero la primera piedra fue puesta en el a\u00f1o de 1892.  La construcci\u00f3n tom\u00f3 lugar 30 a\u00f1os despu\u00e9s y aunque parec\u00eda haber sido terminada, \u00e9sta no estuvo completa oficialmente. Una leyenda local dice que el fin del mundo llegar\u00eda si la Bas\u00edlica es terminada por completo.  La entrada a la Bas\u00edlica cuesta 2 USD con acceso a las torres.  La altitud puede hacer que los sinuosos y empinados escalones sea agotador, pero es lo m\u00e1s destacado de la visita.  Dado que la Bas\u00edlica se encuentra localizada en el centro de la ciudad, esto produce tener una vista impresionante de la ciudad y poder mirar <a class=\"link--external\" href=\"https:\/\/goo.gl\/maps\/jmRABxd6hxaJNbvq5\" target=\"_blank\" rel=\"noopener\" data-brz-link-type=\"external\">El Panecillo<\/a>.<\/p>\t\t\t\t\t\t\t\t<\/div>\n\t\t\t\t<\/div>\n\t\t\t\t<div class=\"elementor-element elementor-element-86531ad elementor-widget elementor-widget-shortcode\" data-id=\"86531ad\" data-element_type=\"widget\" data-widget_type=\"shortcode.default\">\n\t\t\t\t<div class=\"elementor-widget-container\">\n\t\t\t\t\t\t\t<div class=\"elementor-shortcode\"><\/div>\n\t\t\t\t\t\t<\/div>\n\t\t\t\t<\/div>\n\t\t\t\t<div class=\"elementor-element elementor-element-8a1a39e elementor-widget elementor-widget-heading\" data-id=\"8a1a39e\" data-element_type=\"widget\" data-widget_type=\"heading.default\">\n\t\t\t\t<div class=\"elementor-widget-container\">\n\t\t\t\t\t<h2 class=\"elementor-heading-title elementor-size-default\">TeleferiQo<\/h2>\t\t\t\t<\/div>\n\t\t\t\t<\/div>\n\t\t\t\t<div class=\"elementor-element elementor-element-6c83800 elementor-widget elementor-widget-text-editor\" data-id=\"6c83800\" data-element_type=\"widget\" data-widget_type=\"text-editor.default\">\n\t\t\t\t<div class=\"elementor-widget-container\">\n\t\t\t\t\t\t\t\t\t<p>El <a class=\"link--external\" href=\"https:\/\/g.page\/TeleferiQo?share\" target=\"_blank\" rel=\"noopener\" data-brz-link-type=\"external\">TeleferiQo<\/a> se encuentra al oeste del centro de la ciudad de Quito y sube por el lado este del Volc\u00e1n Pichincha.  La manera m\u00e1s f\u00e1cil de llegar all\u00ed es tomando un taxi\/Uber<span id='easy-footnote-2-2445' class='easy-footnote-margin-adjust'><\/span><span class='easy-footnote'><a href='https:\/\/www.maldotravels.com\/es\/south-america\/quito-city-in-the-middle-of-the-world\/#easy-footnote-bottom-2-2445' title='Una app popular para pedir transporte tipo taxi'><sup>2<\/sup><\/a><\/span> ya que se encuentra fuera de la Autopista Occidental.  Si usted va en bus le dejar\u00eda en la autopista desde donde tendr\u00eda que caminar la colina hacia arriba de 30 a 45 minutos hasta la entrada del parqueadero.  De otra forma el taxi\/Uber lo dejar\u00eda en la entrada. Existen dos entradas, una es por el <a class=\"link--external\" href=\"https:\/\/goo.gl\/maps\/Vmcs36SFFetzXQop7\" target=\"_blank\" rel=\"noopener\" data-brz-link-type=\"external\">Vulqano Park<\/a> que es un peque\u00f1o parque de diversiones y la otra entrada es por el telef\u00e9rico.  Si usted toma un taxi\/Uber aseg\u00farese de decirle al conductor que usted desea que lo dejen en la entrada del telef\u00e9rico, ya que \u00e9sta es la parte m\u00e1s alta donde llegan los veh\u00edculos.  La oficina donde venden los boletos de entrada se encuentra al lado derecho del telef\u00e9rico, el costo es de 8.50 USD. Aseg\u00farese de llevar su identificaci\u00f3n personal ya que es requerida para comprar el boleto; esto lo hacen como una medida de seguridad para rastrear al visitante que ha ido arriba en el telef\u00e9rico y que haya regresado.  Una vez que ya tiene el boleto, se debe poner en la fila de entrada al telef\u00e9rico en donde los operadores le instruyen como subir, tambi\u00e9n le dicen que debe guardar su boleto para regresar, pues si usted no lo tiene, deber\u00e1 comprar otro boleto para retornar.  El ascenso de m\u00e1s de 800 metros a 3,945 metros sobre el nivel del mar toma alrededor de 20 minutos.<\/p>\t\t\t\t\t\t\t\t<\/div>\n\t\t\t\t<\/div>\n\t\t\t\t\t<\/div>\n\t\t<\/div>\n\t\t\t\t\t<\/div>\n\t\t<\/section>\n\t\t\t\t<section class=\"elementor-section elementor-top-section elementor-element elementor-element-f1ba113 elementor-section-height-min-height elementor-section-boxed elementor-section-height-default elementor-section-items-middle\" data-id=\"f1ba113\" data-element_type=\"section\" data-settings=\"{&quot;background_background&quot;:&quot;classic&quot;}\">\n\t\t\t\t\t\t<div class=\"elementor-container elementor-column-gap-default\">\n\t\t\t\t\t<div class=\"elementor-column elementor-col-100 elementor-top-column elementor-element elementor-element-ac8359b\" data-id=\"ac8359b\" data-element_type=\"column\">\n\t\t\t<div class=\"elementor-widget-wrap\">\n\t\t\t\t\t\t\t<\/div>\n\t\t<\/div>\n\t\t\t\t\t<\/div>\n\t\t<\/section>\n\t\t\t\t<section class=\"elementor-section elementor-top-section elementor-element elementor-element-6c9983d elementor-section-boxed elementor-section-height-default elementor-section-height-default\" data-id=\"6c9983d\" data-element_type=\"section\">\n\t\t\t\t\t\t<div class=\"elementor-container elementor-column-gap-default\">\n\t\t\t\t\t<div class=\"elementor-column elementor-col-100 elementor-top-column elementor-element elementor-element-98b627f\" data-id=\"98b627f\" data-element_type=\"column\">\n\t\t\t<div class=\"elementor-widget-wrap elementor-element-populated\">\n\t\t\t\t\t\t<div class=\"elementor-element elementor-element-dc40ae5 elementor-widget elementor-widget-text-editor\" data-id=\"dc40ae5\" data-element_type=\"widget\" data-widget_type=\"text-editor.default\">\n\t\t\t\t<div class=\"elementor-widget-container\">\n\t\t\t\t\t\t\t\t\t<div class=\"brz-css-jqypu brz-css-xljqk brz-wrapper\">\n<div class=\"brz-rich-text brz-rich-text__custom brz-css-aomic\" data-custom-id=\"bdzybtfvwe\">\n<div>\n<p class=\"brz-css-fzeyw\">Una vez en la cima, usted notar\u00e1 que es ventoso y fr\u00edo por lo que es importante que lleve ropa abrigada.  All\u00ed hay algunas tiendas, kioscos y cafeter\u00eda donde venden bebidas como coca cola, t\u00e9, caf\u00e9s, que le ayudan con el v\u00e9rtigo por la altura.  Tan pronto como se baje del carrito del telef\u00e9rico se encontrar\u00e1 con un punto de vista desde donde puede mirar el centro de la ciudad.  Hay otro punto de vista saliendo del carrito del telef\u00e9rico y caminando unos pocos pasos hacia abajo y luego hacia la izquierda, desde donde usted puede mirar hacia el sur de la ciudad y tambi\u00e9n puede disfrutar de dos sillas gigantes, con las cuales puede tomarse unas buenas fotos. Desde aqu\u00ed usted puede ver que tan lejos se extiende la ciudad hacia el sur, \u00e9sta ha crecido mucho por lo que ya no es posible ver los l\u00edmites de la ciudad.  En un d\u00eda claro, usted tambi\u00e9n podr\u00e1 apreciar los volcanes del callej\u00f3n andino.  Hay un panel el cual le ilustra acerca de su localizaci\u00f3n y muestra informaci\u00f3n sobre ellos.  Una vez que ya haya terminado su vista desde este sitio, usted puede continuar caminando 10 minutos hacia arriba hacia otro mirador. Desde este mirador usted tambi\u00e9n puede ver hacia el centro de la ciudad y all\u00ed tambi\u00e9n est\u00e1n algunos columpios que suelen estar muy ocupados ya que todos quieren tomarse fotos en ellos.  Para la mayor\u00eda de los turistas el viaje termina aqu\u00ed, y ellos har\u00e1n su camino de regreso bajando.  Sin embargo, para las personas que les gusta la aventura podr\u00edan continuar caminando hacia arriba y hacer una caminata hasta llegar a la cumbre del <a class=\"link--external\" href=\"https:\/\/goo.gl\/maps\/J2nxbmRM8BFAcjTP6\" target=\"_blank\" rel=\"noopener\" data-brz-link-type=\"external\">Rucu Pichincha<\/a>.  La caminata a la cumbre alcanza 4,696 metros y toma de 3 a 4 horas dependiendo del estado f\u00edsico y si usted ha tomado tiempo para aclimatarse a la altitud.  Estando a casi cerca de 4000 metros sobre el nivel del mar, solamente caminar es cansado as\u00ed que hacer una caminata hacia arriba a la monta\u00f1a y en alg\u00fan momento escalar rocas puede ser exhausto.  Definitivamente la recompensa es valiosa, ya que la vista desde la cumbre del Rucu Pichincha es la mejor en la ciudad y si usted tiene suerte de llegar en un d\u00eda claro, usted estar\u00e1 h\u00e1bil de mirar los volcanes circundantes.  Si usted decide hacer la caminata debe ir lo m\u00e1s temprano que pueda, pues el clima en las monta\u00f1as tienden a tener el cielo claro temprano en el d\u00eda y con nubes que se aproximan a horas tempranas de la tarde.<\/p><\/div><\/div><\/div>\t\t\t\t\t\t\t\t<\/div>\n\t\t\t\t<\/div>\n\t\t\t\t<div class=\"elementor-element elementor-element-9350801 elementor-widget elementor-widget-shortcode\" data-id=\"9350801\" data-element_type=\"widget\" data-widget_type=\"shortcode.default\">\n\t\t\t\t<div class=\"elementor-widget-container\">\n\t\t\t\t\t\t\t<div class=\"elementor-shortcode\"><\/div>\n\t\t\t\t\t\t<\/div>\n\t\t\t\t<\/div>\n\t\t\t\t\t<\/div>\n\t\t<\/div>\n\t\t\t\t\t<\/div>\n\t\t<\/section>\n\t\t\t\t<\/div>","protected":false},"excerpt":{"rendered":"<p>Ciudad nombrada un Patrimonio Mundial de la UNESCO debido a que tiene el centro hist\u00f3rico colonial m\u00e1s grande y mejor preservado de Latinoam\u00e9rica. Esta ciudad est\u00e1 llena de cultura, historia, y muchas actividades.<\/p>","protected":false},"author":2,"featured_media":15449,"comment_status":"open","ping_status":"open","sticky":false,"template":"","format":"standard","meta":{"ocean_post_layout":"","ocean_both_sidebars_style":"","ocean_both_sidebars_content_width":0,"ocean_both_sidebars_sidebars_width":0,"ocean_sidebar":"0","ocean_second_sidebar":"0","ocean_disable_margins":"enable","ocean_add_body_class":"","ocean_shortcode_before_top_bar":"","ocean_shortcode_after_top_bar":"","ocean_shortcode_before_header":"","ocean_shortcode_after_header":"","ocean_has_shortcode":"","ocean_shortcode_after_title":"","ocean_shortcode_before_footer_widgets":"","ocean_shortcode_after_footer_widgets":"","ocean_shortcode_before_footer_bottom":"","ocean_shortcode_after_footer_bottom":"","ocean_display_top_bar":"default","ocean_display_header":"default","ocean_header_style":"","ocean_center_header_left_menu":"0","ocean_custom_header_template":"0","ocean_custom_logo":0,"ocean_custom_retina_logo":0,"ocean_custom_logo_max_width":0,"ocean_custom_logo_tablet_max_width":0,"ocean_custom_logo_mobile_max_width":0,"ocean_custom_logo_max_height":0,"ocean_custom_logo_tablet_max_height":0,"ocean_custom_logo_mobile_max_height":0,"ocean_header_custom_menu":"0","ocean_menu_typo_font_family":"0","ocean_menu_typo_font_subset":"","ocean_menu_typo_font_size":0,"ocean_menu_typo_font_size_tablet":0,"ocean_menu_typo_font_size_mobile":0,"ocean_menu_typo_font_size_unit":"px","ocean_menu_typo_font_weight":"","ocean_menu_typo_font_weight_tablet":"","ocean_menu_typo_font_weight_mobile":"","ocean_menu_typo_transform":"","ocean_menu_typo_transform_tablet":"","ocean_menu_typo_transform_mobile":"","ocean_menu_typo_line_height":0,"ocean_menu_typo_line_height_tablet":0,"ocean_menu_typo_line_height_mobile":0,"ocean_menu_typo_line_height_unit":"","ocean_menu_typo_spacing":0,"ocean_menu_typo_spacing_tablet":0,"ocean_menu_typo_spacing_mobile":0,"ocean_menu_typo_spacing_unit":"","ocean_menu_link_color":"","ocean_menu_link_color_hover":"","ocean_menu_link_color_active":"","ocean_menu_link_background":"","ocean_menu_link_hover_background":"","ocean_menu_link_active_background":"","ocean_menu_social_links_bg":"","ocean_menu_social_hover_links_bg":"","ocean_menu_social_links_color":"","ocean_menu_social_hover_links_color":"","ocean_disable_title":"default","ocean_disable_heading":"default","ocean_post_title":"","ocean_post_subheading":"","ocean_post_title_style":"background-image","ocean_post_title_background_color":"","ocean_post_title_background":15442,"ocean_post_title_bg_image_position":"","ocean_post_title_bg_image_attachment":"","ocean_post_title_bg_image_repeat":"","ocean_post_title_bg_image_size":"","ocean_post_title_height":0,"ocean_post_title_bg_overlay":0.5,"ocean_post_title_bg_overlay_color":"","ocean_disable_breadcrumbs":"default","ocean_breadcrumbs_color":"","ocean_breadcrumbs_separator_color":"","ocean_breadcrumbs_links_color":"","ocean_breadcrumbs_links_hover_color":"","ocean_display_footer_widgets":"default","ocean_display_footer_bottom":"default","ocean_custom_footer_template":"0","ocean_post_oembed":"","ocean_post_self_hosted_media":"","ocean_post_video_embed":"","ocean_link_format":"","ocean_link_format_target":"self","ocean_quote_format":"","ocean_quote_format_link":"post","ocean_gallery_link_images":"off","ocean_gallery_id":[],"footnotes":""},"categories":[32,26],"tags":[48,56,77,72,71,50,45,66,47,44,76,70],"class_list":["post-2445","post","type-post","status-publish","format-standard","has-post-thumbnail","hentry","category-ecuador","category-south-america","tag-activity","tag-adventure","tag-architecture","tag-church","tag-city","tag-culture","tag-hiking","tag-history","tag-landscapes","tag-mountain","tag-nature","tag-viewpoint","entry","has-media"],"_links":{"self":[{"href":"https:\/\/www.maldotravels.com\/es\/wp-json\/wp\/v2\/posts\/2445","targetHints":{"allow":["GET"]}}],"collection":[{"href":"https:\/\/www.maldotravels.com\/es\/wp-json\/wp\/v2\/posts"}],"about":[{"href":"https:\/\/www.maldotravels.com\/es\/wp-json\/wp\/v2\/types\/post"}],"author":[{"embeddable":true,"href":"https:\/\/www.maldotravels.com\/es\/wp-json\/wp\/v2\/users\/2"}],"replies":[{"embeddable":true,"href":"https:\/\/www.maldotravels.com\/es\/wp-json\/wp\/v2\/comments?post=2445"}],"version-history":[{"count":33,"href":"https:\/\/www.maldotravels.com\/es\/wp-json\/wp\/v2\/posts\/2445\/revisions"}],"predecessor-version":[{"id":28073,"href":"https:\/\/www.maldotravels.com\/es\/wp-json\/wp\/v2\/posts\/2445\/revisions\/28073"}],"wp:featuredmedia":[{"embeddable":true,"href":"https:\/\/www.maldotravels.com\/es\/wp-json\/wp\/v2\/media\/15449"}],"wp:attachment":[{"href":"https:\/\/www.maldotravels.com\/es\/wp-json\/wp\/v2\/media?parent=2445"}],"wp:term":[{"taxonomy":"category","embeddable":true,"href":"https:\/\/www.maldotravels.com\/es\/wp-json\/wp\/v2\/categories?post=2445"},{"taxonomy":"post_tag","embeddable":true,"href":"https:\/\/www.maldotravels.com\/es\/wp-json\/wp\/v2\/tags?post=2445"}],"curies":[{"name":"wp","href":"https:\/\/api.w.org\/{rel}","templated":true}]}}