{"id":2407,"date":"2018-08-16T15:25:33","date_gmt":"2018-08-16T15:25:33","guid":{"rendered":"http:\/\/3.8.116.40\/?p=2407"},"modified":"2022-04-29T12:13:55","modified_gmt":"2022-04-29T12:13:55","slug":"cuenca-beautiful-colonial-city","status":"publish","type":"post","link":"https:\/\/www.maldotravels.com\/es\/south-america\/cuenca-beautiful-colonial-city\/","title":{"rendered":"Cuenca \u2013 Hermosa Ciudad Colonial"},"content":{"rendered":"<div data-elementor-type=\"wp-post\" data-elementor-id=\"2407\" class=\"elementor elementor-2407\">\n\t\t\t\t\t\t<section class=\"elementor-section elementor-top-section elementor-element elementor-element-5074b4a elementor-section-boxed elementor-section-height-default elementor-section-height-default\" data-id=\"5074b4a\" data-element_type=\"section\">\n\t\t\t\t\t\t<div class=\"elementor-container elementor-column-gap-default\">\n\t\t\t\t\t<div class=\"elementor-column elementor-col-100 elementor-top-column elementor-element elementor-element-89c7f11\" data-id=\"89c7f11\" data-element_type=\"column\">\n\t\t\t<div class=\"elementor-widget-wrap elementor-element-populated\">\n\t\t\t\t\t\t<div class=\"elementor-element elementor-element-2948c1e elementor-widget elementor-widget-text-editor\" data-id=\"2948c1e\" data-element_type=\"widget\" data-widget_type=\"text-editor.default\">\n\t\t\t\t<div class=\"elementor-widget-container\">\n\t\t\t\t\t\t\t\t\t<p>La ciudad de Cuenca es la capital de la provincia del Azuay, est\u00e1 a 8 horas de viaje desde el sur de <a class=\"link--external\" href=\"https:\/\/goo.gl\/maps\/sqVE668YmVoAG5qTA\" target=\"_blank\" rel=\"noopener\" data-brz-link-type=\"external\">Quito<\/a>. Tambi\u00e9n se puede tomar un vuelo que tarda 50 minutos. El aeropuerto de <a class=\"link--external\" href=\"https:\/\/goo.gl\/maps\/JUio5gwHDNrbUNdPA\" target=\"_blank\" rel=\"noopener\" data-brz-link-type=\"external\">Cuenca<\/a> es notable por estar en un lugar donde hace mucho viento, lo cual causa muchas demoras y cancelaciones de los vuelos debido a este clima.  Nosotros hicimos nuestro viaje a Cuenca desde las ruinas de <a class=\"link--external\" href=\"http:\/\/54.211.235.180\/south-america\/ingapirca-canari-influenced-incan-ruins\/\" target=\"_blank\" rel=\"noopener\" data-brz-link-type=\"external\">Ingapirca<\/a> y nos tom\u00f3 1 hora y 30 minutos de viaje. Si usted coge un bus o maneja hasta all\u00e1, es probable que llegue antes de que anochezca por lo que es buena idea ver la puesta de sol desde un mirador. El <a class=\"link--external\" href=\"https:\/\/goo.gl\/maps\/3smks8NCwZ7CAxiQ9\" target=\"_blank\" rel=\"noopener\" data-brz-link-type=\"external\">Mirador de Turi<\/a> es un estupendo lugar para tener una vista panor\u00e1mica de los techos rojos de las construcciones de Cuenca. Hay tambi\u00e9n unos pocos bares y restaurantes en este mirador para que usted pueda tener un descanso y comer.<\/p>\t\t\t\t\t\t\t\t<\/div>\n\t\t\t\t<\/div>\n\t\t\t\t<div class=\"elementor-element elementor-element-fd7497c elementor-widget elementor-widget-shortcode\" data-id=\"fd7497c\" data-element_type=\"widget\" data-widget_type=\"shortcode.default\">\n\t\t\t\t<div class=\"elementor-widget-container\">\n\t\t\t\t\t\t\t<div class=\"elementor-shortcode\"><\/div>\n\t\t\t\t\t\t<\/div>\n\t\t\t\t<\/div>\n\t\t\t\t<div class=\"elementor-element elementor-element-d69a6fe elementor-widget elementor-widget-text-editor\" data-id=\"d69a6fe\" data-element_type=\"widget\" data-widget_type=\"text-editor.default\">\n\t\t\t\t<div class=\"elementor-widget-container\">\n\t\t\t\t\t\t\t\t\t<p>Cuenca tiene muchas plazoletas, iglesias y museos para explorar en el centro de su hist\u00f3rica ciudad. Adem\u00e1s, es muy bien conocida por su arte y porque ha producido muchos ecuatorianos famosos como escritores, poetas y artistas. La nueva Catedral, llamada La <a class=\"link--external\" href=\"https:\/\/goo.gl\/maps\/daVx2GKPgJX1PQ2y5\" target=\"_blank\" rel=\"noopener\" data-brz-link-type=\"external\">Catedral de la Inmaculada Concepcion<\/a>, fue terminada en 1975 y reemplaz\u00f3 a la antigua Catedral la misma que hoy en d\u00eda es un museo. Las dos se encuentran localizadas en la plaza principal del <a class=\"link--external\" href=\"https:\/\/goo.gl\/maps\/eV7Wo5JqKpcSJV2T8\" target=\"_blank\" rel=\"noopener\" data-brz-link-type=\"external\">Parque Calderon<\/a>. La nueva Catedral tiene un estilo neog\u00f3tico, con interiores de m\u00e1rmol y tres ic\u00f3nicos domos de color blanco y azul.<\/p>\t\t\t\t\t\t\t\t<\/div>\n\t\t\t\t<\/div>\n\t\t\t\t<div class=\"elementor-element elementor-element-2d72f2d elementor-widget elementor-widget-shortcode\" data-id=\"2d72f2d\" data-element_type=\"widget\" data-widget_type=\"shortcode.default\">\n\t\t\t\t<div class=\"elementor-widget-container\">\n\t\t\t\t\t\t\t<div class=\"elementor-shortcode\"><\/div>\n\t\t\t\t\t\t<\/div>\n\t\t\t\t<\/div>\n\t\t\t\t<div class=\"elementor-element elementor-element-5dee539 elementor-widget elementor-widget-text-editor\" data-id=\"5dee539\" data-element_type=\"widget\" data-widget_type=\"text-editor.default\">\n\t\t\t\t<div class=\"elementor-widget-container\">\n\t\t\t\t\t\t\t\t\t<p>A la vuelta de la esquina de la Nueva Catedral se encuentra la popular <a class=\"link--external\" href=\"https:\/\/goo.gl\/maps\/KxN36xXfVEuBmxgR7\" target=\"_blank\" rel=\"noopener\" data-brz-link-type=\"external\">Plaza de las Flores<\/a>. Este mercado de flores est\u00e1 situado afuera de otra peque\u00f1a iglesia colonial, conocida como <a class=\"link--external\" href=\"https:\/\/goo.gl\/maps\/wM4T2EkzUuziASkT9\" target=\"_blank\" rel=\"noopener\" data-brz-link-type=\"external\">La Iglesia El Carmen de la Asuncion<\/a> o El Santuario Mariano que vale la pena hacer una corta visita. Esta peque\u00f1a iglesia tiene m\u00e1s de 100 a\u00f1os de antig\u00fcedad, est\u00e1 muy bien conservada y caminar dentro de ella se siente regresar en el tiempo.<\/p>\t\t\t\t\t\t\t\t<\/div>\n\t\t\t\t<\/div>\n\t\t\t\t<div class=\"elementor-element elementor-element-18dd5f0 elementor-widget elementor-widget-shortcode\" data-id=\"18dd5f0\" data-element_type=\"widget\" data-widget_type=\"shortcode.default\">\n\t\t\t\t<div class=\"elementor-widget-container\">\n\t\t\t\t\t\t\t<div class=\"elementor-shortcode\"><\/div>\n\t\t\t\t\t\t<\/div>\n\t\t\t\t<\/div>\n\t\t\t\t<div class=\"elementor-element elementor-element-86479a1 elementor-widget elementor-widget-text-editor\" data-id=\"86479a1\" data-element_type=\"widget\" data-widget_type=\"text-editor.default\">\n\t\t\t\t<div class=\"elementor-widget-container\">\n\t\t\t\t\t\t\t\t\t<p>Alej\u00e1ndonos del centro hist\u00f3rico de adoquines coloniales, se puede ver murales pintados y eventualmente llegar al moderno <a class=\"link--external\" href=\"https:\/\/goo.gl\/maps\/Ymagmzobhw6aYtYD7\" target=\"_blank\" rel=\"noopener\" data-brz-link-type=\"external\">Museo de Pumapungo<\/a>. Este museo no solamente exhibe la historia y cultura de Cuenca, sino que tambi\u00e9n est\u00e1 ubicado junto a un sitio arqueol\u00f3gico de <a class=\"link--external\" href=\"https:\/\/goo.gl\/maps\/zKfGUW4iq6Ry2LFL6\" target=\"_blank\" rel=\"noopener\" data-brz-link-type=\"external\">ruinas incas<\/a>. El museo est\u00e1 muy bien organizado, muestra diferentes per\u00edodos de la gente y la historia de Cuenca. Una de mis secciones favoritas fue la sala numism\u00e1tica en el s\u00f3tano, aqu\u00ed se puede viajar a trav\u00e9s de la historia y observar la moneda que Ecuador ha utilizado antes del d\u00f3lar.<\/p>\t\t\t\t\t\t\t\t<\/div>\n\t\t\t\t<\/div>\n\t\t\t\t<div class=\"elementor-element elementor-element-3686894 elementor-widget elementor-widget-shortcode\" data-id=\"3686894\" data-element_type=\"widget\" data-widget_type=\"shortcode.default\">\n\t\t\t\t<div class=\"elementor-widget-container\">\n\t\t\t\t\t\t\t<div class=\"elementor-shortcode\"><\/div>\n\t\t\t\t\t\t<\/div>\n\t\t\t\t<\/div>\n\t\t\t\t\t<\/div>\n\t\t<\/div>\n\t\t\t\t\t<\/div>\n\t\t<\/section>\n\t\t\t\t<\/div>","protected":false},"excerpt":{"rendered":"<p>Esta ciudad Andina es considerada como una de las mas bellas del Ecuador. Llena de cultura, historia, arte, arquitectura, y unos platos t\u00edpicos \u00fanicos llaman la atenci\u00f3n de los turistas y tambi\u00e9n a extranjeros que se jubilan ah\u00ed.<\/p>","protected":false},"author":2,"featured_media":15345,"comment_status":"open","ping_status":"open","sticky":false,"template":"","format":"standard","meta":{"ocean_post_layout":"","ocean_both_sidebars_style":"","ocean_both_sidebars_content_width":0,"ocean_both_sidebars_sidebars_width":0,"ocean_sidebar":"0","ocean_second_sidebar":"0","ocean_disable_margins":"enable","ocean_add_body_class":"","ocean_shortcode_before_top_bar":"","ocean_shortcode_after_top_bar":"","ocean_shortcode_before_header":"","ocean_shortcode_after_header":"","ocean_has_shortcode":"","ocean_shortcode_after_title":"","ocean_shortcode_before_footer_widgets":"","ocean_shortcode_after_footer_widgets":"","ocean_shortcode_before_footer_bottom":"","ocean_shortcode_after_footer_bottom":"","ocean_display_top_bar":"default","ocean_display_header":"default","ocean_header_style":"","ocean_center_header_left_menu":"0","ocean_custom_header_template":"0","ocean_custom_logo":0,"ocean_custom_retina_logo":0,"ocean_custom_logo_max_width":0,"ocean_custom_logo_tablet_max_width":0,"ocean_custom_logo_mobile_max_width":0,"ocean_custom_logo_max_height":0,"ocean_custom_logo_tablet_max_height":0,"ocean_custom_logo_mobile_max_height":0,"ocean_header_custom_menu":"0","ocean_menu_typo_font_family":"0","ocean_menu_typo_font_subset":"","ocean_menu_typo_font_size":0,"ocean_menu_typo_font_size_tablet":0,"ocean_menu_typo_font_size_mobile":0,"ocean_menu_typo_font_size_unit":"px","ocean_menu_typo_font_weight":"","ocean_menu_typo_font_weight_tablet":"","ocean_menu_typo_font_weight_mobile":"","ocean_menu_typo_transform":"","ocean_menu_typo_transform_tablet":"","ocean_menu_typo_transform_mobile":"","ocean_menu_typo_line_height":0,"ocean_menu_typo_line_height_tablet":0,"ocean_menu_typo_line_height_mobile":0,"ocean_menu_typo_line_height_unit":"","ocean_menu_typo_spacing":0,"ocean_menu_typo_spacing_tablet":0,"ocean_menu_typo_spacing_mobile":0,"ocean_menu_typo_spacing_unit":"","ocean_menu_link_color":"","ocean_menu_link_color_hover":"","ocean_menu_link_color_active":"","ocean_menu_link_background":"","ocean_menu_link_hover_background":"","ocean_menu_link_active_background":"","ocean_menu_social_links_bg":"","ocean_menu_social_hover_links_bg":"","ocean_menu_social_links_color":"","ocean_menu_social_hover_links_color":"","ocean_disable_title":"default","ocean_disable_heading":"default","ocean_post_title":"","ocean_post_subheading":"","ocean_post_title_style":"background-image","ocean_post_title_background_color":"","ocean_post_title_background":15338,"ocean_post_title_bg_image_position":"","ocean_post_title_bg_image_attachment":"","ocean_post_title_bg_image_repeat":"","ocean_post_title_bg_image_size":"","ocean_post_title_height":0,"ocean_post_title_bg_overlay":0.5,"ocean_post_title_bg_overlay_color":"","ocean_disable_breadcrumbs":"default","ocean_breadcrumbs_color":"","ocean_breadcrumbs_separator_color":"","ocean_breadcrumbs_links_color":"","ocean_breadcrumbs_links_hover_color":"","ocean_display_footer_widgets":"default","ocean_display_footer_bottom":"default","ocean_custom_footer_template":"0","ocean_post_oembed":"","ocean_post_self_hosted_media":"","ocean_post_video_embed":"","ocean_link_format":"","ocean_link_format_target":"self","ocean_quote_format":"","ocean_quote_format_link":"post","ocean_gallery_link_images":"off","ocean_gallery_id":[],"footnotes":""},"categories":[32,26],"tags":[51,73,72,71,74,75,50,66,44,49,54,70],"class_list":["post-2407","post","type-post","status-publish","format-standard","has-post-thumbnail","hentry","category-ecuador","category-south-america","tag-art","tag-cathedral","tag-church","tag-city","tag-colonial","tag-craft","tag-culture","tag-history","tag-mountain","tag-museum","tag-sunset","tag-viewpoint","entry","has-media"],"_links":{"self":[{"href":"https:\/\/www.maldotravels.com\/es\/wp-json\/wp\/v2\/posts\/2407","targetHints":{"allow":["GET"]}}],"collection":[{"href":"https:\/\/www.maldotravels.com\/es\/wp-json\/wp\/v2\/posts"}],"about":[{"href":"https:\/\/www.maldotravels.com\/es\/wp-json\/wp\/v2\/types\/post"}],"author":[{"embeddable":true,"href":"https:\/\/www.maldotravels.com\/es\/wp-json\/wp\/v2\/users\/2"}],"replies":[{"embeddable":true,"href":"https:\/\/www.maldotravels.com\/es\/wp-json\/wp\/v2\/comments?post=2407"}],"version-history":[{"count":33,"href":"https:\/\/www.maldotravels.com\/es\/wp-json\/wp\/v2\/posts\/2407\/revisions"}],"predecessor-version":[{"id":28080,"href":"https:\/\/www.maldotravels.com\/es\/wp-json\/wp\/v2\/posts\/2407\/revisions\/28080"}],"wp:featuredmedia":[{"embeddable":true,"href":"https:\/\/www.maldotravels.com\/es\/wp-json\/wp\/v2\/media\/15345"}],"wp:attachment":[{"href":"https:\/\/www.maldotravels.com\/es\/wp-json\/wp\/v2\/media?parent=2407"}],"wp:term":[{"taxonomy":"category","embeddable":true,"href":"https:\/\/www.maldotravels.com\/es\/wp-json\/wp\/v2\/categories?post=2407"},{"taxonomy":"post_tag","embeddable":true,"href":"https:\/\/www.maldotravels.com\/es\/wp-json\/wp\/v2\/tags?post=2407"}],"curies":[{"name":"wp","href":"https:\/\/api.w.org\/{rel}","templated":true}]}}