{"id":2285,"date":"2018-08-07T22:29:37","date_gmt":"2018-08-07T22:29:37","guid":{"rendered":"http:\/\/3.8.116.40\/?p=2285"},"modified":"2022-04-29T12:31:00","modified_gmt":"2022-04-29T12:31:00","slug":"los-illinizas-hiking-in-volcano-avenue","status":"publish","type":"post","link":"https:\/\/www.maldotravels.com\/es\/south-america\/los-illinizas-hiking-in-volcano-avenue\/","title":{"rendered":"Los Illinizas &#8211; Hiking in Volcano Avenue"},"content":{"rendered":"<div data-elementor-type=\"wp-post\" data-elementor-id=\"2285\" class=\"elementor elementor-2285\">\n\t\t\t\t\t\t<section class=\"elementor-section elementor-top-section elementor-element elementor-element-52325bd elementor-section-boxed elementor-section-height-default elementor-section-height-default\" data-id=\"52325bd\" data-element_type=\"section\">\n\t\t\t\t\t\t<div class=\"elementor-container elementor-column-gap-default\">\n\t\t\t\t\t<div class=\"elementor-column elementor-col-100 elementor-top-column elementor-element elementor-element-53cd359\" data-id=\"53cd359\" data-element_type=\"column\">\n\t\t\t<div class=\"elementor-widget-wrap elementor-element-populated\">\n\t\t\t\t\t\t<div class=\"elementor-element elementor-element-fa646df elementor-widget elementor-widget-text-editor\" data-id=\"fa646df\" data-element_type=\"widget\" data-widget_type=\"text-editor.default\">\n\t\t\t\t<div class=\"elementor-widget-container\">\n\t\t\t\t\t\t\t\t\t<p>El volc\u00e1n de doble pico est\u00e1 ubicado a 1 hora y 30 minutos al sur de <a class=\"link--external\" href=\"https:\/\/goo.gl\/maps\/s6WPxpMUtn2JYhkYA\" target=\"_blank\" rel=\"noopener\" data-brz-link-type=\"external\">Quito<\/a> en la carretera que pasa por <a class=\"link--external\" href=\"https:\/\/goo.gl\/maps\/v2eun8V3mzuQbw9y5\" target=\"_blank\" rel=\"noopener\" data-brz-link-type=\"external\">Machachi<\/a> y por el peque\u00f1o de <a class=\"link--external\" href=\"https:\/\/goo.gl\/maps\/GahqN1xcU5JJG1A49\" target=\"_blank\" rel=\"noopener\" data-brz-link-type=\"external\">Chaupi<\/a>. Hay un punto de control donde los guardias toman tus detalles para registrarte y retienen tu identificaci\u00f3n. Te preguntan si vas a ir a la cumbre norte, cumbre sur, o al refugio. Esto es porque para la cumbre sur solo se puede ir con un gu\u00eda y con el equipo adecuado para escalar los glaciares. La cumbre norte es m\u00e1s f\u00e1cil pero los guardias se aseguran de que llevas zapatos adecuados de monta\u00f1a y tambi\u00e9n insisten de usar un gu\u00eda. Si tu destino es el refugio, los guardias simplemente se aseguran de que tienes la ropa adecuada y te dejan pasar. El punto de control est\u00e1 abierto de las 8 AM a 3 PM y tienes que retirar tu identificaci\u00f3n antes de las 5 PM. El cielo suele estar despejado en las ma\u00f1anas y luego en la tarde viene la neblina entonces te recomiendo llegar apenas abren. Si decides subir a la cumbre norte, te recomiendo ir con gu\u00eda porque el sendero es peligroso y muchos turistas han tenido accidentes. La cumbre sur tiene la mala fama de haber tomado las vidas de varios escaladores extranjeros, entonces se advertido de que nos es un reto sencillo.<\/p>\t\t\t\t\t\t\t\t<\/div>\n\t\t\t\t<\/div>\n\t\t\t\t\t<\/div>\n\t\t<\/div>\n\t\t\t\t\t<\/div>\n\t\t<\/section>\n\t\t\t\t<section class=\"elementor-section elementor-top-section elementor-element elementor-element-53f88c05 elementor-section-height-min-height elementor-section-boxed elementor-section-height-default elementor-section-items-middle\" data-id=\"53f88c05\" data-element_type=\"section\" data-settings=\"{&quot;background_background&quot;:&quot;classic&quot;}\">\n\t\t\t\t\t\t<div class=\"elementor-container elementor-column-gap-default\">\n\t\t\t\t\t<div class=\"elementor-column elementor-col-100 elementor-top-column elementor-element elementor-element-14d96e52\" data-id=\"14d96e52\" data-element_type=\"column\">\n\t\t\t<div class=\"elementor-widget-wrap\">\n\t\t\t\t\t\t\t<\/div>\n\t\t<\/div>\n\t\t\t\t\t<\/div>\n\t\t<\/section>\n\t\t\t\t<section class=\"elementor-section elementor-top-section elementor-element elementor-element-9e987af elementor-section-boxed elementor-section-height-default elementor-section-height-default\" data-id=\"9e987af\" data-element_type=\"section\">\n\t\t\t\t\t\t<div class=\"elementor-container elementor-column-gap-default\">\n\t\t\t\t\t<div class=\"elementor-column elementor-col-100 elementor-top-column elementor-element elementor-element-fbe8088\" data-id=\"fbe8088\" data-element_type=\"column\">\n\t\t\t<div class=\"elementor-widget-wrap elementor-element-populated\">\n\t\t\t\t\t\t<div class=\"elementor-element elementor-element-9df04df elementor-widget elementor-widget-text-editor\" data-id=\"9df04df\" data-element_type=\"widget\" data-widget_type=\"text-editor.default\">\n\t\t\t\t<div class=\"elementor-widget-container\">\n\t\t\t\t\t\t\t\t\t<p>Para llegar ah\u00ed, se puede tomar un bus a Machachi y de ah\u00ed alquilar transporte 4x4 ah\u00ed. El chofer te deja en el inicio del sendero y pueden quedar en una hora para que los recoja. La caminata al sendero tarda alrededor de 2-horas y 30-minutos dependiendo en tu nivel f\u00edsico. El sendero empieza a una altura de 3.950 metros y es f\u00e1cil de seguir porque hay buena se\u00f1alizaci\u00f3n de la ruta. Despu\u00e9s de 1 hora y 30 minutos, el terreno de sendero se convierte de tierra a arenal entonces es un poco m\u00e1s dif\u00edcil subir. Dependiendo en la \u00e9poca de tu visita, pueda que pases por unas partes de nieve y hielo que se esta diluyendo. Tambi\u00e9n hay varias partes donde puedes parar para observar el paisaje. Si te toca un d\u00eda despejado, podr\u00e1s ver los volcanes <a class=\"link--external\" href=\"https:\/\/goo.gl\/maps\/hcjwcxQ9vdQqrwZo7\" target=\"_blank\" rel=\"noopener\" data-brz-link-type=\"external\">Cotopaxi<\/a>, <a class=\"link--external\" href=\"https:\/\/goo.gl\/maps\/8jMEvqmbtERC66ry6\" target=\"_blank\" rel=\"noopener\" data-brz-link-type=\"external\">Rumi\u00f1ahui<\/a>, <a class=\"link--external\" href=\"https:\/\/goo.gl\/maps\/q9GERY1w4Tt14Nad9\" target=\"_blank\" rel=\"noopener\" data-brz-link-type=\"external\">Pasochoa<\/a>, y <a class=\"link--external\" href=\"https:\/\/goo.gl\/maps\/vc9o4uStepw9xxUq8\" target=\"_blank\" rel=\"noopener\" data-brz-link-type=\"external\">Coraz\u00f3n<\/a>. Aun este un poco nublado, quiz\u00e1s puedas ver los picos por encima de las nubes; lo cual es una vista m\u00e1gica.<\/p>\t\t\t\t\t\t\t\t<\/div>\n\t\t\t\t<\/div>\n\t\t\t\t<div class=\"elementor-element elementor-element-9e6d48b elementor-widget elementor-widget-shortcode\" data-id=\"9e6d48b\" data-element_type=\"widget\" data-widget_type=\"shortcode.default\">\n\t\t\t\t<div class=\"elementor-widget-container\">\n\t\t\t\t\t\t\t<div class=\"elementor-shortcode\"><\/div>\n\t\t\t\t\t\t<\/div>\n\t\t\t\t<\/div>\n\t\t\t\t<div class=\"elementor-element elementor-element-47d8c36 elementor-widget elementor-widget-text-editor\" data-id=\"47d8c36\" data-element_type=\"widget\" data-widget_type=\"text-editor.default\">\n\t\t\t\t<div class=\"elementor-widget-container\">\n\t\t\t\t\t\t\t\t\t<p>El refugio hay una cabina b\u00e1sica a una altura de 4.750 metros entonces hace bastante frio y viento a esta altura. Los guardias del punto del control nos dijeron que pueda que la cabina est\u00e9 vac\u00eda, pero de todos modos pod\u00edamos entrar. La puerta es un poco dura de abrir y parece que est\u00e1 puesto llave, pero solo hay que empujar con fuerza. Dentro de la cabina hay una cocina con agua, t\u00e9, caf\u00e9, y un \u00e1rea para sentarse. Tambi\u00e9n hay varias camas para los que se quedan a dormir para escalar la cumbre sur en la madrugada del d\u00eda siguiente. En la pared hay una lista de precios de las cosas que puedes y usar y una caja de metal para dejar dinero. Nosotros llevamos unos snacks y comida para hacer unos s\u00e1ndwiches de at\u00fan. Entonces dejamos dinero para unas bebidas y usamos la cocina para preparar los s\u00e1ndwiches. Para usar los ba\u00f1os que est\u00e1n conectados a la cabina, hay que salir y dar la vuelta por detr\u00e1s de la cabina.<\/p>\t\t\t\t\t\t\t\t<\/div>\n\t\t\t\t<\/div>\n\t\t\t\t<div class=\"elementor-element elementor-element-b15f327 elementor-widget elementor-widget-shortcode\" data-id=\"b15f327\" data-element_type=\"widget\" data-widget_type=\"shortcode.default\">\n\t\t\t\t<div class=\"elementor-widget-container\">\n\t\t\t\t\t\t\t<div class=\"elementor-shortcode\"><\/div>\n\t\t\t\t\t\t<\/div>\n\t\t\t\t<\/div>\n\t\t\t\t<div class=\"elementor-element elementor-element-dcba2a6 elementor-widget elementor-widget-text-editor\" data-id=\"dcba2a6\" data-element_type=\"widget\" data-widget_type=\"text-editor.default\">\n\t\t\t\t<div class=\"elementor-widget-container\">\n\t\t\t\t\t\t\t\t\t<p>La mayor\u00eda de los turistas no saben que hay una peque\u00f1a laguna a unos 30 minutos caminando desde el refugio al otro lado de la monta\u00f1a. Para llegar ah\u00ed, tienes que empezar a seguir el sendero a la cumbre norte. Luego veras que hay un sendero que continua a la cumbre norte, y a mano izquierda hay otro sendero que se desv\u00eda por detr\u00e1s de la monta\u00f1a. El sendero no esta se\u00f1alizado, pero si lo sigues por unos 20 minutos llegaras a la laguna. De aqu\u00ed tendr\u00e1s una vista de la cumbre norte y cumbre sur desde el otro lado y es un gran lugar para tomar fotos. Cuando llegamos ya era el medio d\u00eda y empez\u00f3 a llegar la neblina. Nunca es una buena idea subir una monta\u00f1a en la neblina, entonces decidimos bajar la monta\u00f1a.<\/p>\t\t\t\t\t\t\t\t<\/div>\n\t\t\t\t<\/div>\n\t\t\t\t<div class=\"elementor-element elementor-element-e911e96 elementor-widget elementor-widget-shortcode\" data-id=\"e911e96\" data-element_type=\"widget\" data-widget_type=\"shortcode.default\">\n\t\t\t\t<div class=\"elementor-widget-container\">\n\t\t\t\t\t\t\t<div class=\"elementor-shortcode\"><\/div>\n\t\t\t\t\t\t<\/div>\n\t\t\t\t<\/div>\n\t\t\t\t\t<\/div>\n\t\t<\/div>\n\t\t\t\t\t<\/div>\n\t\t<\/section>\n\t\t\t\t<\/div>","protected":false},"excerpt":{"rendered":"<p>Este volc\u00e1n de doble pico tiene una altura de 5.000 metros y est\u00e1 ubicada en \u2018La Avenida de los Volcanes\u2019. La caminata es agotadora pero vale la pena para disfrutar del paisaje maravilloso de los picos de otros volcanes.<\/p>","protected":false},"author":2,"featured_media":14800,"comment_status":"open","ping_status":"open","sticky":false,"template":"","format":"standard","meta":{"ocean_post_layout":"","ocean_both_sidebars_style":"","ocean_both_sidebars_content_width":0,"ocean_both_sidebars_sidebars_width":0,"ocean_sidebar":"0","ocean_second_sidebar":"0","ocean_disable_margins":"enable","ocean_add_body_class":"","ocean_shortcode_before_top_bar":"","ocean_shortcode_after_top_bar":"","ocean_shortcode_before_header":"","ocean_shortcode_after_header":"","ocean_has_shortcode":"","ocean_shortcode_after_title":"","ocean_shortcode_before_footer_widgets":"","ocean_shortcode_after_footer_widgets":"","ocean_shortcode_before_footer_bottom":"","ocean_shortcode_after_footer_bottom":"","ocean_display_top_bar":"default","ocean_display_header":"default","ocean_header_style":"","ocean_center_header_left_menu":"0","ocean_custom_header_template":"0","ocean_custom_logo":0,"ocean_custom_retina_logo":0,"ocean_custom_logo_max_width":0,"ocean_custom_logo_tablet_max_width":0,"ocean_custom_logo_mobile_max_width":0,"ocean_custom_logo_max_height":0,"ocean_custom_logo_tablet_max_height":0,"ocean_custom_logo_mobile_max_height":0,"ocean_header_custom_menu":"0","ocean_menu_typo_font_family":"0","ocean_menu_typo_font_subset":"","ocean_menu_typo_font_size":0,"ocean_menu_typo_font_size_tablet":0,"ocean_menu_typo_font_size_mobile":0,"ocean_menu_typo_font_size_unit":"px","ocean_menu_typo_font_weight":"","ocean_menu_typo_font_weight_tablet":"","ocean_menu_typo_font_weight_mobile":"","ocean_menu_typo_transform":"","ocean_menu_typo_transform_tablet":"","ocean_menu_typo_transform_mobile":"","ocean_menu_typo_line_height":0,"ocean_menu_typo_line_height_tablet":0,"ocean_menu_typo_line_height_mobile":0,"ocean_menu_typo_line_height_unit":"","ocean_menu_typo_spacing":0,"ocean_menu_typo_spacing_tablet":0,"ocean_menu_typo_spacing_mobile":0,"ocean_menu_typo_spacing_unit":"","ocean_menu_link_color":"","ocean_menu_link_color_hover":"","ocean_menu_link_color_active":"","ocean_menu_link_background":"","ocean_menu_link_hover_background":"","ocean_menu_link_active_background":"","ocean_menu_social_links_bg":"","ocean_menu_social_hover_links_bg":"","ocean_menu_social_links_color":"","ocean_menu_social_hover_links_color":"","ocean_disable_title":"default","ocean_disable_heading":"default","ocean_post_title":"","ocean_post_subheading":"","ocean_post_title_style":"background-image","ocean_post_title_background_color":"","ocean_post_title_background":14836,"ocean_post_title_bg_image_position":"","ocean_post_title_bg_image_attachment":"","ocean_post_title_bg_image_repeat":"","ocean_post_title_bg_image_size":"","ocean_post_title_height":0,"ocean_post_title_bg_overlay":0.5,"ocean_post_title_bg_overlay_color":"","ocean_disable_breadcrumbs":"default","ocean_breadcrumbs_color":"","ocean_breadcrumbs_separator_color":"","ocean_breadcrumbs_links_color":"","ocean_breadcrumbs_links_hover_color":"","ocean_display_footer_widgets":"default","ocean_display_footer_bottom":"default","ocean_custom_footer_template":"0","ocean_post_oembed":"","ocean_post_self_hosted_media":"","ocean_post_video_embed":"","ocean_link_format":"","ocean_link_format_target":"self","ocean_quote_format":"","ocean_quote_format_link":"post","ocean_gallery_link_images":"off","ocean_gallery_id":[],"footnotes":""},"categories":[32,26],"tags":[48,56,45,55,47,44,123,76,124,85,87,53,70,46],"class_list":["post-2285","post","type-post","status-publish","format-standard","has-post-thumbnail","hentry","category-ecuador","category-south-america","tag-activity","tag-adventure","tag-hiking","tag-lake","tag-landscapes","tag-mountain","tag-national-park","tag-nature","tag-nature-reserve","tag-trail","tag-trek","tag-trekking","tag-viewpoint","tag-volcano","entry","has-media"],"_links":{"self":[{"href":"https:\/\/www.maldotravels.com\/es\/wp-json\/wp\/v2\/posts\/2285","targetHints":{"allow":["GET"]}}],"collection":[{"href":"https:\/\/www.maldotravels.com\/es\/wp-json\/wp\/v2\/posts"}],"about":[{"href":"https:\/\/www.maldotravels.com\/es\/wp-json\/wp\/v2\/types\/post"}],"author":[{"embeddable":true,"href":"https:\/\/www.maldotravels.com\/es\/wp-json\/wp\/v2\/users\/2"}],"replies":[{"embeddable":true,"href":"https:\/\/www.maldotravels.com\/es\/wp-json\/wp\/v2\/comments?post=2285"}],"version-history":[{"count":33,"href":"https:\/\/www.maldotravels.com\/es\/wp-json\/wp\/v2\/posts\/2285\/revisions"}],"predecessor-version":[{"id":28105,"href":"https:\/\/www.maldotravels.com\/es\/wp-json\/wp\/v2\/posts\/2285\/revisions\/28105"}],"wp:featuredmedia":[{"embeddable":true,"href":"https:\/\/www.maldotravels.com\/es\/wp-json\/wp\/v2\/media\/14800"}],"wp:attachment":[{"href":"https:\/\/www.maldotravels.com\/es\/wp-json\/wp\/v2\/media?parent=2285"}],"wp:term":[{"taxonomy":"category","embeddable":true,"href":"https:\/\/www.maldotravels.com\/es\/wp-json\/wp\/v2\/categories?post=2285"},{"taxonomy":"post_tag","embeddable":true,"href":"https:\/\/www.maldotravels.com\/es\/wp-json\/wp\/v2\/tags?post=2285"}],"curies":[{"name":"wp","href":"https:\/\/api.w.org\/{rel}","templated":true}]}}