{"id":22264,"date":"2020-09-04T23:45:00","date_gmt":"2020-09-04T23:45:00","guid":{"rendered":"http:\/\/54.211.235.180\/?p=22264"},"modified":"2022-04-25T19:57:09","modified_gmt":"2022-04-25T19:57:09","slug":"lisboa-city-sites-and-the-beach","status":"publish","type":"post","link":"https:\/\/www.maldotravels.com\/es\/europe\/lisboa-city-sites-and-the-beach\/","title":{"rendered":"Lisboa - Un D\u00eda En La Ciudad y La Playa"},"content":{"rendered":"<div data-elementor-type=\"wp-post\" data-elementor-id=\"22264\" class=\"elementor elementor-22264\">\n\t\t\t\t\t\t<section class=\"elementor-section elementor-top-section elementor-element elementor-element-a599287 elementor-section-boxed elementor-section-height-default elementor-section-height-default\" data-id=\"a599287\" data-element_type=\"section\">\n\t\t\t\t\t\t<div class=\"elementor-container elementor-column-gap-default\">\n\t\t\t\t\t<div class=\"elementor-column elementor-col-100 elementor-top-column elementor-element elementor-element-9413a16\" data-id=\"9413a16\" data-element_type=\"column\">\n\t\t\t<div class=\"elementor-widget-wrap elementor-element-populated\">\n\t\t\t\t\t\t<div class=\"elementor-element elementor-element-97935f4 elementor-widget elementor-widget-text-editor\" data-id=\"97935f4\" data-element_type=\"widget\" data-widget_type=\"text-editor.default\">\n\t\t\t\t<div class=\"elementor-widget-container\">\n\t\t\t\t\t\t\t\t\t<div class=\"brz-css-wozcy brz-css-xshyo brz-wrapper\" style=\"box-sizing: border-box; margin: 0px; padding: 0px; border: 0px; outline: 0px; font-variant-ligatures: normal; font-variant-caps: normal; font-variant-numeric: inherit; font-variant-east-asian: inherit; font-stretch: inherit; line-height: inherit; vertical-align: baseline; font-family: Quicksand, sans-serif; font-size: 18px; font-style: normal; font-weight: 400; color: #001a1c; letter-spacing: -0.5px; orphans: 2; text-align: start; text-indent: 0px; text-transform: none; white-space: normal; widows: 2; word-spacing: 0px; -webkit-text-stroke-width: 0px; background-color: #ffffff; text-decoration-thickness: initial; text-decoration-style: initial; text-decoration-color: initial;\"><div class=\"brz-rich-text brz-rich-text__custom brz-css-otwxi\" style=\"box-sizing: border-box; margin: 0px; padding: 0px; border: 0px; outline: 0px; font-variant: inherit; font-stretch: inherit; line-height: inherit; vertical-align: baseline; font-family: inherit; font-size: 18px; font-style: inherit; font-weight: inherit;\" data-custom-id=\"yrrnrijbke\"><div style=\"box-sizing: border-box; margin: 0px; padding: 0px; border: 0px; outline: 0px; font-variant: inherit; font-stretch: inherit; line-height: inherit; vertical-align: baseline; font-family: inherit; font-size: 18px; font-style: inherit; font-weight: inherit;\"><p class=\"brz-css-zvxsx\" style=\"box-sizing: border-box; overflow-wrap: break-word; margin: 1.5em auto; padding: 0px 20px; border: 0px; outline: 0px; font-variant: inherit; font-stretch: inherit; line-height: inherit; vertical-align: baseline; font-family: inherit; font-size: 18px; font-style: inherit; font-weight: inherit; max-width: 900px;\">Saliendo de Canas de Senhorim, es un viaje de 2 horas y 40 minutos y la ruta que va por las monta\u00f1as y valles es muy bonita. Las autopistas son buenas y al llegar a la ciudad, las calles son angostas y empinadas. Nuestro carro alquilado ten\u00eda transmisi\u00f3n autom\u00e1tica por lo cual se nos hizo m\u00e1s f\u00e1cil manejar por la ciudad. Encontramos un <a class=\"link--external\" style=\"box-sizing: border-box; margin: 0px; padding: 0px; border: 0px; outline: 0px; font-variant: inherit; font-stretch: inherit; line-height: inherit; vertical-align: baseline; font-family: inherit; font-size: 18px; font-style: inherit; font-weight: inherit; background-color: transparent; color: #78a85d; text-decoration: none; transition: all 0.3s ease 0s; box-shadow: none;\" href=\"https:\/\/goo.gl\/maps\/vEgDCL6nEhyr8rGFA\" target=\"_blank\" rel=\"noopener\" data-brz-link-type=\"external\">parqueadero<\/a>\u00a0cerca a Castelo de S\u00e3o Jorge y de ah\u00ed caminamos a la Pra\u00e7a da Figueira para desayunar. Encontramos un buen\u00a0<a class=\"link--external\" style=\"box-sizing: border-box; margin: 0px; padding: 0px; border: 0px; outline: 0px; font-variant: inherit; font-stretch: inherit; line-height: inherit; vertical-align: baseline; font-family: inherit; font-size: 18px; font-style: inherit; font-weight: inherit; background-color: transparent; color: #78a85d; text-decoration: none; transition: all 0.3s ease 0s; box-shadow: none;\" href=\"https:\/\/g.page\/8healthlounge?share\" target=\"_blank\" rel=\"noopener\" data-brz-link-type=\"external\">restaurante<\/a>\u00a0que tiene un sabroso men\u00fa vegano.<\/p><\/div><\/div><\/div>\t\t\t\t\t\t\t\t<\/div>\n\t\t\t\t<\/div>\n\t\t\t\t<div class=\"elementor-element elementor-element-cbd07bc elementor-widget elementor-widget-shortcode\" data-id=\"cbd07bc\" data-element_type=\"widget\" data-widget_type=\"shortcode.default\">\n\t\t\t\t<div class=\"elementor-widget-container\">\n\t\t\t\t\t\t\t<div class=\"elementor-shortcode\"><\/div>\n\t\t\t\t\t\t<\/div>\n\t\t\t\t<\/div>\n\t\t\t\t<div class=\"elementor-element elementor-element-c5b96fe elementor-widget elementor-widget-text-editor\" data-id=\"c5b96fe\" data-element_type=\"widget\" data-widget_type=\"text-editor.default\">\n\t\t\t\t<div class=\"elementor-widget-container\">\n\t\t\t\t\t\t\t\t\t<div class=\"brz-css-wozcy brz-css-mxrau brz-wrapper\" style=\"box-sizing: border-box; margin: 0px; padding: 0px; border: 0px; outline: 0px; font-variant-ligatures: normal; font-variant-caps: normal; font-variant-numeric: inherit; font-variant-east-asian: inherit; font-stretch: inherit; line-height: inherit; vertical-align: baseline; font-family: Quicksand, sans-serif; font-size: 18px; font-style: normal; font-weight: 400; color: #001a1c; letter-spacing: -0.5px; orphans: 2; text-align: start; text-indent: 0px; text-transform: none; white-space: normal; widows: 2; word-spacing: 0px; -webkit-text-stroke-width: 0px; background-color: #ffffff; text-decoration-thickness: initial; text-decoration-style: initial; text-decoration-color: initial;\"><div class=\"brz-rich-text brz-rich-text__custom brz-css-otwxi\" style=\"box-sizing: border-box; margin: 0px; padding: 0px; border: 0px; outline: 0px; font-variant: inherit; font-stretch: inherit; line-height: inherit; vertical-align: baseline; font-family: inherit; font-size: 18px; font-style: inherit; font-weight: inherit;\" data-custom-id=\"ijwzycarpczezupvotyjdvjdfdybnhdwupjo\"><div style=\"box-sizing: border-box; margin: 0px; padding: 0px; border: 0px; outline: 0px; font-variant: inherit; font-stretch: inherit; line-height: inherit; vertical-align: baseline; font-family: inherit; font-size: 18px; font-style: inherit; font-weight: inherit;\"><p class=\"brz-css-ilhpi\" style=\"box-sizing: border-box; overflow-wrap: break-word; margin: 1.5em auto; padding: 0px 20px; border: 0px; outline: 0px; font-variant: inherit; font-stretch: inherit; line-height: inherit; vertical-align: baseline; font-family: inherit; font-size: 18px; font-style: inherit; font-weight: inherit; max-width: 900px;\">Despu\u00e9s de desayunar, subimos la cuesta a <a class=\"link--external\" style=\"box-sizing: border-box; margin: 0px; padding: 0px; border: 0px; outline: 0px; font-variant: inherit; font-stretch: inherit; line-height: inherit; vertical-align: baseline; font-family: inherit; font-size: 18px; font-style: inherit; font-weight: inherit; background-color: transparent; color: #78a85d; text-decoration: none; transition: all 0.3s ease 0s; box-shadow: none;\" href=\"https:\/\/goo.gl\/maps\/RRV8hPppHYy73Y9B6\" target=\"_blank\" rel=\"noopener\" data-brz-link-type=\"external\">Castelo de S\u00e3o Jorge<\/a>y nos hicimos unos 30 minutos caminando. Pasamos por caminos adoquinados y vimos que varios muros de los edificios estaban decorados con los ic\u00f3nicos azulejos de mosaico. El complejo del castillo bien grande y caminamos por el per\u00edmetro de sus paredes. No entramos al castillo porque decidimos ir a un mirador. Nos hicimos unos 25 minutos caminando al\u00a0<a class=\"link--external\" style=\"box-sizing: border-box; margin: 0px; padding: 0px; border: 0px; outline: 0px; font-variant: inherit; font-stretch: inherit; line-height: inherit; vertical-align: baseline; font-family: inherit; font-size: 18px; font-style: inherit; font-weight: inherit; background-color: transparent; color: #78a85d; text-decoration: none; transition: all 0.3s ease 0s; box-shadow: none;\" href=\"https:\/\/goo.gl\/maps\/yBW45pUp9x68vGCb7\" target=\"_blank\" rel=\"noopener\" data-brz-link-type=\"external\">Miradouro da Gra\u00e7a<\/a>. Este lugar es genial y se tiene una vista panor\u00e1mica despejada de la ciudad y el ic\u00f3nico puente colgante\u00a0<a class=\"link--external\" style=\"box-sizing: border-box; margin: 0px; padding: 0px; border: 0px; outline: 0px; font-variant: inherit; font-stretch: inherit; line-height: inherit; vertical-align: baseline; font-family: inherit; font-size: 18px; font-style: inherit; font-weight: inherit; background-color: transparent; color: #78a85d; text-decoration: none; transition: all 0.3s ease 0s; box-shadow: none;\" href=\"https:\/\/goo.gl\/maps\/5dzcTA4UNcRNQFNn6\" target=\"_blank\" rel=\"noopener\" data-brz-link-type=\"external\">Ponte 25 de Abril<\/a>. Hay varias sillas y mesas con parasoles aqu\u00ed para descansar un rato y se puede pedir bebidas y snacks. Nos quedamos aqu\u00ed por unos 30 minutos y de ah\u00ed nos fuimos de regreso al parqueadero. Por el camino de regreso llegamos a la parte superior del parqueadero y descubrimos que hay una terraza que tambi\u00e9n es un buen mirador de la ciudad. Llegamos por la 1.30 PM y empezamos nuestro viaje a la playa en\u00a0<a class=\"link--external\" style=\"box-sizing: border-box; margin: 0px; padding: 0px; border: 0px; outline: 0px; font-variant: inherit; font-stretch: inherit; line-height: inherit; vertical-align: baseline; font-family: inherit; font-size: 18px; font-style: inherit; font-weight: inherit; background-color: transparent; color: #78a85d; text-decoration: none; transition: all 0.3s ease 0s; box-shadow: none;\" href=\"https:\/\/goo.gl\/maps\/gJDNP4w4hoLjiEPu7\" target=\"_blank\" rel=\"noopener\" data-brz-link-type=\"external\">Sesimbra<\/a>.<\/p><\/div><\/div><\/div>\t\t\t\t\t\t\t\t<\/div>\n\t\t\t\t<\/div>\n\t\t\t\t<div class=\"elementor-element elementor-element-a26811c elementor-widget elementor-widget-shortcode\" data-id=\"a26811c\" data-element_type=\"widget\" data-widget_type=\"shortcode.default\">\n\t\t\t\t<div class=\"elementor-widget-container\">\n\t\t\t\t\t\t\t<div class=\"elementor-shortcode\"><\/div>\n\t\t\t\t\t\t<\/div>\n\t\t\t\t<\/div>\n\t\t\t\t<div class=\"elementor-element elementor-element-66cd78a elementor-widget elementor-widget-text-editor\" data-id=\"66cd78a\" data-element_type=\"widget\" data-widget_type=\"text-editor.default\">\n\t\t\t\t<div class=\"elementor-widget-container\">\n\t\t\t\t\t\t\t\t\t<div class=\"brz-css-wozcy brz-css-ttfkm brz-wrapper\" style=\"box-sizing: border-box; margin: 0px; padding: 0px; border: 0px; outline: 0px; font-variant-ligatures: normal; font-variant-caps: normal; font-variant-numeric: inherit; font-variant-east-asian: inherit; font-stretch: inherit; line-height: inherit; vertical-align: baseline; font-family: Quicksand, sans-serif; font-size: 18px; font-style: normal; font-weight: 400; color: #001a1c; letter-spacing: -0.5px; orphans: 2; text-align: start; text-indent: 0px; text-transform: none; white-space: normal; widows: 2; word-spacing: 0px; -webkit-text-stroke-width: 0px; background-color: #ffffff; text-decoration-thickness: initial; text-decoration-style: initial; text-decoration-color: initial;\"><div class=\"brz-rich-text brz-rich-text__custom brz-css-otwxi\" style=\"box-sizing: border-box; margin: 0px; padding: 0px; border: 0px; outline: 0px; font-variant: inherit; font-stretch: inherit; line-height: inherit; vertical-align: baseline; font-family: inherit; font-size: 18px; font-style: inherit; font-weight: inherit;\" data-custom-id=\"brjpqcwvog\"><div style=\"box-sizing: border-box; margin: 0px; padding: 0px; border: 0px; outline: 0px; font-variant: inherit; font-stretch: inherit; line-height: inherit; vertical-align: baseline; font-family: inherit; font-size: 18px; font-style: inherit; font-weight: inherit;\"><p class=\"brz-css-ewuyz\" style=\"box-sizing: border-box; overflow-wrap: break-word; margin: 1.5em auto; padding: 0px 20px; border: 0px; outline: 0px; font-variant: inherit; font-stretch: inherit; line-height: inherit; vertical-align: baseline; font-family: inherit; font-size: 18px; font-style: inherit; font-weight: inherit; max-width: 900px;\">Nos hicimos un viaje de alrededor de 11 hora con un poco de trafico al salir de la ciudad. La ruta que entra a la playa es de un punto alto y se puede ver la playa mientras se baja por la calle sinuosa. Encontramos un <a class=\"link--external\" style=\"box-sizing: border-box; margin: 0px; padding: 0px; border: 0px; outline: 0px; font-variant: inherit; font-stretch: inherit; line-height: inherit; vertical-align: baseline; font-family: inherit; font-size: 18px; font-style: inherit; font-weight: inherit; background-color: transparent; color: #78a85d; text-decoration: none; transition: all 0.3s ease 0s; box-shadow: none;\" href=\"https:\/\/goo.gl\/maps\/qSYaWQxm7q6N5wzE6\" target=\"_blank\" rel=\"noopener\" data-brz-link-type=\"external\">parqueadero<\/a>\u00a0a unos pocos minutos caminando de la playa. Hay varios bares a lo largo de la playa y tienen varios puestos privados con parasoles que se puede arrendar. Tambi\u00e9n hay varios lugares p\u00fablicos donde te puedes instalar con tu propio parasol. La playa es de arena y es bien larga. A los lados extremos de la playa, hay unas pe\u00f1as y el lugar es muy bonito. Pasamos unas 3 horas relaj\u00e1ndonos en la playa antes de regresar a Lisboa para merendar.<\/p><\/div><\/div><\/div>\t\t\t\t\t\t\t\t<\/div>\n\t\t\t\t<\/div>\n\t\t\t\t<div class=\"elementor-element elementor-element-33688e1 elementor-widget elementor-widget-shortcode\" data-id=\"33688e1\" data-element_type=\"widget\" data-widget_type=\"shortcode.default\">\n\t\t\t\t<div class=\"elementor-widget-container\">\n\t\t\t\t\t\t\t<div class=\"elementor-shortcode\"><\/div>\n\t\t\t\t\t\t<\/div>\n\t\t\t\t<\/div>\n\t\t\t\t<div class=\"elementor-element elementor-element-1a1e66e elementor-widget elementor-widget-text-editor\" data-id=\"1a1e66e\" data-element_type=\"widget\" data-widget_type=\"text-editor.default\">\n\t\t\t\t<div class=\"elementor-widget-container\">\n\t\t\t\t\t\t\t\t\t<div class=\"brz-css-wozcy brz-css-xorux brz-wrapper\" style=\"box-sizing: border-box; margin: 0px; padding: 0px; border: 0px; outline: 0px; font-variant-ligatures: normal; font-variant-caps: normal; font-variant-numeric: inherit; font-variant-east-asian: inherit; font-stretch: inherit; line-height: inherit; vertical-align: baseline; font-family: Quicksand, sans-serif; font-size: 18px; font-style: normal; font-weight: 400; color: #001a1c; letter-spacing: -0.5px; orphans: 2; text-align: start; text-indent: 0px; text-transform: none; white-space: normal; widows: 2; word-spacing: 0px; -webkit-text-stroke-width: 0px; background-color: #ffffff; text-decoration-thickness: initial; text-decoration-style: initial; text-decoration-color: initial;\"><div class=\"brz-rich-text brz-rich-text__custom brz-css-otwxi\" style=\"box-sizing: border-box; margin: 0px; padding: 0px; border: 0px; outline: 0px; font-variant: inherit; font-stretch: inherit; line-height: inherit; vertical-align: baseline; font-family: inherit; font-size: 18px; font-style: inherit; font-weight: inherit;\" data-custom-id=\"mmylmpqwgrncqsycwkyuuaeigralzskwnruk\"><div style=\"box-sizing: border-box; margin: 0px; padding: 0px; border: 0px; outline: 0px; font-variant: inherit; font-stretch: inherit; line-height: inherit; vertical-align: baseline; font-family: inherit; font-size: 18px; font-style: inherit; font-weight: inherit;\"><p class=\"brz-css-pcdjn\" style=\"box-sizing: border-box; overflow-wrap: break-word; margin: 1.5em auto; padding: 0px 20px; border: 0px; outline: 0px; font-variant: inherit; font-stretch: inherit; line-height: inherit; vertical-align: baseline; font-family: inherit; font-size: 18px; font-style: inherit; font-weight: inherit; max-width: 900px;\">En el camino de regreso, hubo mucho m\u00e1s tr\u00e1fico, especialmente en el cruce del puente y nos hicimos 1 hora y 30 minutos de viaje. Hicimos una parada en la <a class=\"link--external\" style=\"box-sizing: border-box; margin: 0px; padding: 0px; border: 0px; outline: 0px; font-variant: inherit; font-stretch: inherit; line-height: inherit; vertical-align: baseline; font-family: inherit; font-size: 18px; font-style: inherit; font-weight: inherit; background-color: transparent; color: #78a85d; text-decoration: none; transition: all 0.3s ease 0s; box-shadow: none;\" href=\"https:\/\/goo.gl\/maps\/e3pw6bern4Ks5vxS8\" target=\"_blank\" rel=\"noopener\" data-brz-link-type=\"external\">Torre de Bel\u00e9m<\/a>\u00a0antes de ir a merendar en la ciudad. El malec\u00f3n que va por el r\u00edo es muy bonito para caminar, especialmente en la hora de la puesta del sol. De aqu\u00ed se tiene una buena vista del puente colgante y el\u00a0<a class=\"link--external\" style=\"box-sizing: border-box; margin: 0px; padding: 0px; border: 0px; outline: 0px; font-variant: inherit; font-stretch: inherit; line-height: inherit; vertical-align: baseline; font-family: inherit; font-size: 18px; font-style: inherit; font-weight: inherit; background-color: transparent; color: #78a85d; text-decoration: none; transition: all 0.3s ease 0s; box-shadow: none;\" href=\"https:\/\/goo.gl\/maps\/2Hz67dCwwf5qpfzi7\" target=\"_blank\" rel=\"noopener\" data-brz-link-type=\"external\">Santu\u00e1rio de Cristo Rei<\/a>\u00a0. Nos fuimos a merendar por las 7.30 PM y de ah\u00ed nos fuimos de regreso a Canas de Senhorim.<\/p><\/div><\/div><\/div>\t\t\t\t\t\t\t\t<\/div>\n\t\t\t\t<\/div>\n\t\t\t\t<div class=\"elementor-element elementor-element-856d650 elementor-widget elementor-widget-shortcode\" data-id=\"856d650\" data-element_type=\"widget\" data-widget_type=\"shortcode.default\">\n\t\t\t\t<div class=\"elementor-widget-container\">\n\t\t\t\t\t\t\t<div class=\"elementor-shortcode\"><\/div>\n\t\t\t\t\t\t<\/div>\n\t\t\t\t<\/div>\n\t\t\t\t\t<\/div>\n\t\t<\/div>\n\t\t\t\t\t<\/div>\n\t\t<\/section>\n\t\t\t\t<\/div>","protected":false},"excerpt":{"rendered":"<p>Pasa un d\u00eda en la ciudad capital costera con un tiempo de playa en la bella costa de Sesimbra. La capital monta\u00f1osa tiene varios sitios ic\u00f3nicos y buenos miradores donde se puede ver los techos rojos de la ciudad y el r\u00edo Tagus.<\/p>","protected":false},"author":2,"featured_media":22265,"comment_status":"open","ping_status":"open","sticky":false,"template":"","format":"standard","meta":{"ocean_post_layout":"","ocean_both_sidebars_style":"","ocean_both_sidebars_content_width":0,"ocean_both_sidebars_sidebars_width":0,"ocean_sidebar":"0","ocean_second_sidebar":"0","ocean_disable_margins":"enable","ocean_add_body_class":"","ocean_shortcode_before_top_bar":"","ocean_shortcode_after_top_bar":"","ocean_shortcode_before_header":"","ocean_shortcode_after_header":"","ocean_has_shortcode":"","ocean_shortcode_after_title":"","ocean_shortcode_before_footer_widgets":"","ocean_shortcode_after_footer_widgets":"","ocean_shortcode_before_footer_bottom":"","ocean_shortcode_after_footer_bottom":"","ocean_display_top_bar":"default","ocean_display_header":"default","ocean_header_style":"","ocean_center_header_left_menu":"0","ocean_custom_header_template":"0","ocean_custom_logo":0,"ocean_custom_retina_logo":0,"ocean_custom_logo_max_width":0,"ocean_custom_logo_tablet_max_width":0,"ocean_custom_logo_mobile_max_width":0,"ocean_custom_logo_max_height":0,"ocean_custom_logo_tablet_max_height":0,"ocean_custom_logo_mobile_max_height":0,"ocean_header_custom_menu":"0","ocean_menu_typo_font_family":"0","ocean_menu_typo_font_subset":"","ocean_menu_typo_font_size":0,"ocean_menu_typo_font_size_tablet":0,"ocean_menu_typo_font_size_mobile":0,"ocean_menu_typo_font_size_unit":"px","ocean_menu_typo_font_weight":"","ocean_menu_typo_font_weight_tablet":"","ocean_menu_typo_font_weight_mobile":"","ocean_menu_typo_transform":"","ocean_menu_typo_transform_tablet":"","ocean_menu_typo_transform_mobile":"","ocean_menu_typo_line_height":0,"ocean_menu_typo_line_height_tablet":0,"ocean_menu_typo_line_height_mobile":0,"ocean_menu_typo_line_height_unit":"","ocean_menu_typo_spacing":0,"ocean_menu_typo_spacing_tablet":0,"ocean_menu_typo_spacing_mobile":0,"ocean_menu_typo_spacing_unit":"","ocean_menu_link_color":"","ocean_menu_link_color_hover":"","ocean_menu_link_color_active":"","ocean_menu_link_background":"","ocean_menu_link_hover_background":"","ocean_menu_link_active_background":"","ocean_menu_social_links_bg":"","ocean_menu_social_hover_links_bg":"","ocean_menu_social_links_color":"","ocean_menu_social_hover_links_color":"","ocean_disable_title":"default","ocean_disable_heading":"default","ocean_post_title":"","ocean_post_subheading":"","ocean_post_title_style":"background-image","ocean_post_title_background_color":"","ocean_post_title_background":22266,"ocean_post_title_bg_image_position":"","ocean_post_title_bg_image_attachment":"","ocean_post_title_bg_image_repeat":"","ocean_post_title_bg_image_size":"","ocean_post_title_height":0,"ocean_post_title_bg_overlay":0.5,"ocean_post_title_bg_overlay_color":"","ocean_disable_breadcrumbs":"default","ocean_breadcrumbs_color":"","ocean_breadcrumbs_separator_color":"","ocean_breadcrumbs_links_color":"","ocean_breadcrumbs_links_hover_color":"","ocean_display_footer_widgets":"default","ocean_display_footer_bottom":"default","ocean_custom_footer_template":"0","ocean_post_oembed":"","ocean_post_self_hosted_media":"","ocean_post_video_embed":"","ocean_link_format":"","ocean_link_format_target":"self","ocean_quote_format":"","ocean_quote_format_link":"post","ocean_gallery_link_images":"off","ocean_gallery_id":[],"footnotes":""},"categories":[173,253],"tags":[48,93,166,71,205,90,182,50,86,47,44,76,148,63,193,196,140,99,254,70],"class_list":["post-22264","post","type-post","status-publish","format-standard","has-post-thumbnail","hentry","category-europe","category-portugal","tag-activity","tag-beach","tag-castle","tag-city","tag-city-break","tag-city-walks","tag-cliff","tag-culture","tag-day-trip","tag-landscapes","tag-mountain","tag-nature","tag-relaxing","tag-river","tag-sand","tag-sea","tag-seaside","tag-tourist-sites","tag-vegan-food","tag-viewpoint","entry","has-media"],"_links":{"self":[{"href":"https:\/\/www.maldotravels.com\/es\/wp-json\/wp\/v2\/posts\/22264","targetHints":{"allow":["GET"]}}],"collection":[{"href":"https:\/\/www.maldotravels.com\/es\/wp-json\/wp\/v2\/posts"}],"about":[{"href":"https:\/\/www.maldotravels.com\/es\/wp-json\/wp\/v2\/types\/post"}],"author":[{"embeddable":true,"href":"https:\/\/www.maldotravels.com\/es\/wp-json\/wp\/v2\/users\/2"}],"replies":[{"embeddable":true,"href":"https:\/\/www.maldotravels.com\/es\/wp-json\/wp\/v2\/comments?post=22264"}],"version-history":[{"count":22,"href":"https:\/\/www.maldotravels.com\/es\/wp-json\/wp\/v2\/posts\/22264\/revisions"}],"predecessor-version":[{"id":27662,"href":"https:\/\/www.maldotravels.com\/es\/wp-json\/wp\/v2\/posts\/22264\/revisions\/27662"}],"wp:featuredmedia":[{"embeddable":true,"href":"https:\/\/www.maldotravels.com\/es\/wp-json\/wp\/v2\/media\/22265"}],"wp:attachment":[{"href":"https:\/\/www.maldotravels.com\/es\/wp-json\/wp\/v2\/media?parent=22264"}],"wp:term":[{"taxonomy":"category","embeddable":true,"href":"https:\/\/www.maldotravels.com\/es\/wp-json\/wp\/v2\/categories?post=22264"},{"taxonomy":"post_tag","embeddable":true,"href":"https:\/\/www.maldotravels.com\/es\/wp-json\/wp\/v2\/tags?post=22264"}],"curies":[{"name":"wp","href":"https:\/\/api.w.org\/{rel}","templated":true}]}}